{"id":118269,"date":"2021-06-09T05:30:00","date_gmt":"2021-06-09T09:30:00","guid":{"rendered":"https:\/\/linitiative.ca\/International\/le-trafic-de-bovins-sorganise-a-la-frontiere-algero-tunisienne\/"},"modified":"2021-06-09T05:30:00","modified_gmt":"2021-06-09T09:30:00","slug":"le-trafic-de-bovins-sorganise-a-la-frontiere-algero-tunisienne","status":"publish","type":"post","link":"https:\/\/linitiative.ca\/International\/le-trafic-de-bovins-sorganise-a-la-frontiere-algero-tunisienne\/","title":{"rendered":"Le trafic de bovins s\u2019organise \u00e0 la fronti\u00e8re alg\u00e9ro-tunisienne"},"content":{"rendered":"<div id=\"originalText\" readability=\"47\">\n<p>\u25a0\u00a0 Comme \u00e0 l\u2019accoutum\u00e9e et \u00e0 l\u2019approche\u00a0 de chaque\u00a0 f\u00eate de l\u2019A\u00efd Al-Adha, les contrebandiers s\u2019organisent pour \u201cfructifier\u201d la fili\u00e8re bovine \u00e0 la fronti\u00e8re alg\u00e9ro-tunisienne.<\/p>\n<p>C\u2019est ainsi qu\u2019une tentative de transfert de bovins vers l\u2019Alg\u00e9rie depuis la Tunisie a\u00a0 \u00a0\u00e9t\u00e9\u00a0 avort\u00e9e\u00a0 par\u00a0 \u00a0la\u00a0 police\u00a0 des\u00a0 fronti\u00e8res\u00a0 \u00a0tunisienne\u00a0 dans\u00a0 la\u00a0 localit\u00e9\u00a0 \u00a0de Jendouba.<\/p>\n<p>Selon\u00a0 la\u00a0 presse\u00a0 tunisienne,\u00a0 les\u00a0 policiers\u00a0 alert\u00e9s\u00a0 ont, en\u00a0 effet, r\u00e9ussi\u00a0 \u00e0 contrecarrer\u00a0 \u00a0deux\u00a0 \u00a0camions\u00a0 \u00a0transportant\u00a0 \u00a0des\u00a0 \u00a0bovins,\u00a0 avant\u00a0 que\u00a0 les contrebandiers ne soient arr\u00eat\u00e9s.<\/p>\n<\/div>\n<div id=\"text_core\" readability=\"47\">\n<p>\u25a0\u00a0 Comme \u00e0 l\u2019accoutum\u00e9e et \u00e0 l\u2019approche\u00a0 de chaque\u00a0 f\u00eate de l\u2019A\u00efd Al-Adha, les contrebandiers s\u2019organisent pour \u201cfructifier\u201d la fili\u00e8re bovine \u00e0 la fronti\u00e8re alg\u00e9ro-tunisienne.<\/p>\n<p>C\u2019est ainsi qu\u2019une tentative de transfert de bovins vers l\u2019Alg\u00e9rie depuis la Tunisie a\u00a0 \u00a0\u00e9t\u00e9\u00a0 avort\u00e9e\u00a0 par\u00a0 \u00a0la\u00a0 police\u00a0 des\u00a0 fronti\u00e8res\u00a0 \u00a0tunisienne\u00a0 dans\u00a0 la\u00a0 localit\u00e9\u00a0 \u00a0de Jendouba.<\/p>\n<p>Selon\u00a0 la\u00a0 presse\u00a0 tunisienne,\u00a0 les\u00a0 policiers\u00a0 alert\u00e9s\u00a0 ont, en\u00a0 effet, r\u00e9ussi\u00a0 \u00e0 contrecarrer\u00a0 \u00a0deux\u00a0 \u00a0camions\u00a0 \u00a0transportant\u00a0 \u00a0des\u00a0 \u00a0bovins,\u00a0 avant\u00a0 que\u00a0 les contrebandiers ne soient arr\u00eat\u00e9s.<\/p>\n<\/div>\n<p>Auteur:<br \/>\n<a href=\"https:\/\/www.liberte-algerie.com\/radar\/le-trafic-de-bovins-sorganise-a-la-frontiere-algero-tunisienne-360011\">Cliquez ici pour lire l&rsquo;article depuis sa source.<\/a><\/p>\n","protected":false},"excerpt":{"rendered":"<p>\u25a0\u00a0 Comme \u00e0 l\u2019accoutum\u00e9e et \u00e0 l\u2019approche\u00a0 de chaque\u00a0 f\u00eate de l\u2019A\u00efd Al-Adha, les contrebandiers s\u2019organisent pour \u201cfructifier\u201d la fili\u00e8re bovine \u00e0 la fronti\u00e8re alg\u00e9ro-tunisienne. C\u2019est ainsi qu\u2019une tentative de transfert de bovins vers l\u2019Alg\u00e9rie depuis la Tunisie a\u00a0 \u00a0\u00e9t\u00e9\u00a0 avort\u00e9e\u00a0 par\u00a0 \u00a0la\u00a0 police\u00a0 des\u00a0 fronti\u00e8res\u00a0 \u00a0tunisienne\u00a0 dans\u00a0 la\u00a0 localit\u00e9\u00a0 \u00a0de Jendouba. Selon\u00a0 la\u00a0 presse\u00a0 [&hellip;]<\/p>\n","protected":false},"author":1742,"featured_media":0,"comment_status":"closed","ping_status":"closed","sticky":false,"template":"","format":"standard","meta":{"fifu_image_url":"","fifu_image_alt":"","footnotes":""},"categories":[73,53],"tags":[],"class_list":["post-118269","post","type-post","status-publish","format-standard","hentry","category-actualite","category-algerie"],"_links":{"self":[{"href":"https:\/\/linitiative.ca\/International\/wp-json\/wp\/v2\/posts\/118269","targetHints":{"allow":["GET"]}}],"collection":[{"href":"https:\/\/linitiative.ca\/International\/wp-json\/wp\/v2\/posts"}],"about":[{"href":"https:\/\/linitiative.ca\/International\/wp-json\/wp\/v2\/types\/post"}],"author":[{"embeddable":true,"href":"https:\/\/linitiative.ca\/International\/wp-json\/wp\/v2\/users\/1742"}],"replies":[{"embeddable":true,"href":"https:\/\/linitiative.ca\/International\/wp-json\/wp\/v2\/comments?post=118269"}],"version-history":[{"count":0,"href":"https:\/\/linitiative.ca\/International\/wp-json\/wp\/v2\/posts\/118269\/revisions"}],"wp:attachment":[{"href":"https:\/\/linitiative.ca\/International\/wp-json\/wp\/v2\/media?parent=118269"}],"wp:term":[{"taxonomy":"category","embeddable":true,"href":"https:\/\/linitiative.ca\/International\/wp-json\/wp\/v2\/categories?post=118269"},{"taxonomy":"post_tag","embeddable":true,"href":"https:\/\/linitiative.ca\/International\/wp-json\/wp\/v2\/tags?post=118269"}],"curies":[{"name":"wp","href":"https:\/\/api.w.org\/{rel}","templated":true}]}}