{"id":118270,"date":"2021-06-08T17:22:37","date_gmt":"2021-06-08T21:22:37","guid":{"rendered":"https:\/\/linitiative.ca\/International\/demarrage-de-lexamen-national-unifie-du-bac\/"},"modified":"2021-06-08T17:22:37","modified_gmt":"2021-06-08T21:22:37","slug":"demarrage-de-lexamen-national-unifie-du-bac","status":"publish","type":"post","link":"https:\/\/linitiative.ca\/International\/demarrage-de-lexamen-national-unifie-du-bac\/","title":{"rendered":"D\u00e9marrage de l\u2019examen national unifi\u00e9 du bac"},"content":{"rendered":"<div readability=\"38\">\n<p>Marrakech \u2013 Le d\u00e9marrage de la session normale de l\u2019examen national unifi\u00e9 du baccalaur\u00e9at 2021 a eu lieu, mardi au niveau de la r\u00e9gion Marrakech-Safi, dans le respect scrupuleux des mesures sanitaires et pr\u00e9ventives exceptionnelles, prises par les services concern\u00e9s pour lutter contre la propagation de la Covid-19.<\/p>\n<\/div>\n<div readability=\"154\">\n<p>Les centres d\u2019examen de la r\u00e9gion Marrakech-Safi ont ouvert leurs portes devant les 61.625 candidats, qui passeront les \u00e9preuves de la session normale de l\u2019Examen national unifi\u00e9 du Baccalaur\u00e9at.<\/p>\n<p>Ces centres sont r\u00e9partis sur les huit directions provinciales de la r\u00e9gion, alors que l\u2019ensemble des dispositifs de pr\u00e9vention ont \u00e9t\u00e9 mis en place pour garantir le bon d\u00e9roulement des \u00e9preuves et \u00e9viter le risque de propagation de cette pand\u00e9mie.<\/p>\n<p>Selon le calendrier \u00e9tabli par le minist\u00e8re de l\u2019Education nationale, le coup d\u2019envoi a \u00e9t\u00e9 donn\u00e9 pour les examens concernant le p\u00f4le scientifique, technique et professionnel (08, 09 et 10 juin) alors que ceux relatifs au P\u00f4le des Lettres et de l\u2019enseignement originel auront lieu les 11 et 12 juin.<\/p>\n<p>Au niveau du centre d\u2019examen mobilis\u00e9 au sein de l\u2019Ecole Nationale de Commerce et de Gestion (ENCG), o\u00f9 une \u00e9quipe de\u00a0la\u00a0cha\u00eene d\u2019information\u00a0en continu de la MAP (M24)\u00a0s\u2019est rendue, une batterie de mesures organisationnelles ont \u00e9t\u00e9 prises pour garantir la s\u00e9curit\u00e9 sanitaire des candidats ainsi que des cadres \u00e9ducatifs et administratifs.<\/p>\n<p>A l\u2019entr\u00e9e de ce Centre d\u2019examen, des agents proc\u00e8dent \u00e0 la prise de la temp\u00e9rature des candidats et veillent au respect des mesures pr\u00e9ventives, notamment le port obligatoire des masques de protection et le respect de la distanciation physique.<\/p>\n<p>Des distributeurs automatiques de gel hydro-alcoolique d\u00e9di\u00e9s \u00e0 la d\u00e9sinfection des mains ont \u00e9t\u00e9 install\u00e9s \u00e0 l\u2019entr\u00e9e du centre et de chaque salle et amphith\u00e9\u00e2tre o\u00f9 les candidats passeront les examens.<\/p>\n<p>Il a \u00e9t\u00e9 aussi proc\u00e9d\u00e9 \u00e0 la mise en place d\u2019un syst\u00e8me de signalisation, la s\u00e9paration des passages (circuits) d\u2019entr\u00e9e et de sortie du Centre, outre l\u2019affichage des r\u00e8gles et comportements de pr\u00e9vention \u00e0 suivre.<\/p>\n<p>A l\u2019instar des diff\u00e9rents Centres d\u2019examens de Marrakech, celui de l\u2019ENCG a fait l\u2019objet de plusieurs op\u00e9rations de st\u00e9rilisation, de m\u00eame qu\u2019il a \u00e9t\u00e9 dot\u00e9 des produits d\u00e9sinfectants et des masques de protection n\u00e9cessaires.<\/p>\n<p>Dans une d\u00e9claration \u00e0 la MAP \u00e0 cette occasion, le Directeur de l\u2019Acad\u00e9mie R\u00e9gionale d\u2019Education et de Formation (AREF) de Marrakech-Safi, My Ahmed Karimi, a soulign\u00e9 que l\u2019acad\u00e9mie a mobilis\u00e9 tous les ressources humaines et moyens logistiques pour garantir le bon d\u00e9roulement de cette \u00e9ch\u00e9ance importante dans d\u2019excellentes conditions, tout en veillant \u00e0 assurer la s\u00e9curit\u00e9 sanitaire des candidats, ainsi que de l\u2019ensemble des intervenants concern\u00e9s.<\/p>\n<p>De m\u00eame que le nombre des centres d\u2019examens mobilis\u00e9s a \u00e9t\u00e9 doubl\u00e9 pour passer \u00e0 248, dont 04 centres am\u00e9nag\u00e9s au sein des salles couvertes et 04 centres au niveau d\u2019\u00e9tablissements universitaires, afin de r\u00e9duire le nombre de candidats dans les salles et respecter les conditions sanitaires appropri\u00e9es et la distanciation physique, a-t-il expliqu\u00e9.<\/p>\n<p>Dans ce contexte, il a tenu \u00e0 rappeler la mise en place de plus 20 commissions locales, provinciales et r\u00e9gionales pour veiller \u00e0 garantir l\u2019organisation efficiente de ces examens certifiants et pr\u00e9parer les conditions n\u00e9cessaires au d\u00e9roulement du baccalaur\u00e9at dans de meilleures conditions.<\/p>\n<p>Dans ce contexte, M. Karimi a fait part d\u2019une satisfaction des candidats quant aux conditions de d\u00e9roulement de ces examens et de tous les autres volets relatifs \u00e0 ces \u00e9preuves, faisant savoir que l\u2019AREF a proc\u00e9d\u00e9 \u00e9galement \u00e0 l\u2019adaptation des examens pour les personnes \u00e0 besoins sp\u00e9cifiques ainsi que pour les \u00e9l\u00e8ves des Marocains R\u00e9sidents \u00e0 l\u2019Etranger.<\/p>\n<p>M.Karimi s\u2019est \u00e9galement f\u00e9licit\u00e9 de l\u2019appui constant des autorit\u00e9s territoriales aux niveaux r\u00e9gional, provincial et local, la Gendarmerie Royale, la S\u00fbret\u00e9 nationale, les Forces Auxiliaires, la Protection civile, et les services ext\u00e9rieurs, les m\u00e9dias ainsi que tous les partenaires.<\/p>\n<p>Quelque 61.625 candidats passeront les \u00e9preuves de la session normale de l\u2019Examen national unifi\u00e9 du Baccalaur\u00e9at au titre de 2021 dans la r\u00e9gion Marrakech-Safi.<\/p>\n<p>Les candidats se r\u00e9partissent sur les 08 directions provinciales relevant de l\u2019Acad\u00e9mie R\u00e9gionale d\u2019Education et de Formation (AREF) de Marrakech-Safi \u00e0 savoir : Marrakech (23.214 candidats), Safi (11.870 candidats), El Kela\u00e2 des Sraghna (6.209 candidats), Al Haouz (5.155 candidats), Essaouira (4.736 candidats), Rehamna (4.396 candidats), Youssoufia (3.075 candidats) et Chichaoua (2.970).<\/p>\n<p>Sur les 61.625 candidats, qui passeront les examens au niveau de cette partie du territoire national, quelque 36.543 candidats sont issus de l\u2019enseignement public, 3.738 candidats de l\u2019enseignement priv\u00e9, alors que le nombre de candidats libres s\u2019\u00e9l\u00e8ve \u00e0 21.344 candidats.<\/p>\n<p>Quant au pourcentage des candidates, il est de 47,63 % du total, soit 29.354 \u00e9tudiantes.<\/p>\n<p>Les r\u00e9sultats de ces examens seront annonc\u00e9s le 20 juin courant, alors que la session de rattrapage aura lieu du 05 au 08 juillet prochain pour toutes les branches et fili\u00e8res, et les r\u00e9sultats seront annonc\u00e9s le 11 juillet prochain, pr\u00e9cise l\u2019AREF Marrakech- Safi.<\/p>\n<\/div>\n<p>Auteur: Meriem IGASS<br \/>\n<a href=\"http:\/\/www.mapmarrakech.ma\/fr\/demarrage-de-lexamen-national-unifie-du-bac\/\">Cliquez ici pour lire l&rsquo;article depuis sa source.<\/a><\/p>\n","protected":false},"excerpt":{"rendered":"<p>Marrakech \u2013 Le d\u00e9marrage de la session normale de l\u2019examen national unifi\u00e9 du baccalaur\u00e9at 2021 a eu lieu, mardi au niveau de la r\u00e9gion Marrakech-Safi, dans le respect scrupuleux des mesures sanitaires et pr\u00e9ventives exceptionnelles, prises par les services concern\u00e9s pour lutter contre la propagation de la Covid-19. Les centres d\u2019examen de la r\u00e9gion Marrakech-Safi [&hellip;]<\/p>\n","protected":false},"author":1788,"featured_media":0,"comment_status":"closed","ping_status":"closed","sticky":false,"template":"","format":"standard","meta":{"fifu_image_url":"","fifu_image_alt":"","footnotes":""},"categories":[54,76],"tags":[],"class_list":["post-118270","post","type-post","status-publish","format-standard","hentry","category-maroc","category-regions"],"_links":{"self":[{"href":"https:\/\/linitiative.ca\/International\/wp-json\/wp\/v2\/posts\/118270","targetHints":{"allow":["GET"]}}],"collection":[{"href":"https:\/\/linitiative.ca\/International\/wp-json\/wp\/v2\/posts"}],"about":[{"href":"https:\/\/linitiative.ca\/International\/wp-json\/wp\/v2\/types\/post"}],"author":[{"embeddable":true,"href":"https:\/\/linitiative.ca\/International\/wp-json\/wp\/v2\/users\/1788"}],"replies":[{"embeddable":true,"href":"https:\/\/linitiative.ca\/International\/wp-json\/wp\/v2\/comments?post=118270"}],"version-history":[{"count":0,"href":"https:\/\/linitiative.ca\/International\/wp-json\/wp\/v2\/posts\/118270\/revisions"}],"wp:attachment":[{"href":"https:\/\/linitiative.ca\/International\/wp-json\/wp\/v2\/media?parent=118270"}],"wp:term":[{"taxonomy":"category","embeddable":true,"href":"https:\/\/linitiative.ca\/International\/wp-json\/wp\/v2\/categories?post=118270"},{"taxonomy":"post_tag","embeddable":true,"href":"https:\/\/linitiative.ca\/International\/wp-json\/wp\/v2\/tags?post=118270"}],"curies":[{"name":"wp","href":"https:\/\/api.w.org\/{rel}","templated":true}]}}