{"id":118271,"date":"2021-06-09T06:32:48","date_gmt":"2021-06-09T10:32:48","guid":{"rendered":"https:\/\/linitiative.ca\/International\/appel-a-promouvoir-la-chose-environnementale\/"},"modified":"2021-06-09T06:32:48","modified_gmt":"2021-06-09T10:32:48","slug":"appel-a-promouvoir-la-chose-environnementale","status":"publish","type":"post","link":"https:\/\/linitiative.ca\/International\/appel-a-promouvoir-la-chose-environnementale\/","title":{"rendered":"Appel \u00e0 promouvoir la chose environnementale"},"content":{"rendered":"<div readability=\"38\">\n<p>Marrakech \u2013 Les participants \u00e0 une conf\u00e9rence organis\u00e9e, mardi dans la cit\u00e9 ocre, sous le th\u00e8me \u00ab\u00a0Quelle strat\u00e9gie locale et r\u00e9gionale pour r\u00e9ussir l\u2019enjeu de la transition vers la mobilit\u00e9 durable\u00a0\u00bb, ont soulign\u00e9 la n\u00e9cessit\u00e9 de f\u00e9d\u00e9rer les efforts de toutes les parties prenantes pour la pr\u00e9servation des ressources naturelles et la promotion de la chose environnementale au niveau de la r\u00e9gion Marrakech-Safi.<\/p>\n<\/div>\n<div readability=\"111\">\n<p>Lors de cette conf\u00e9rence initi\u00e9e par l\u2019Association des Enseignants des Sciences de la Vie et de la Terre au Maroc (AESVT-section de Marrakech), dans le cadre des journ\u00e9es de communication et d\u2019\u00e9changes 2021, \u00e0 l\u2019occasion de la c\u00e9l\u00e9bration de la Journ\u00e9e mondiale de l\u2019environnement (5 juin), les intervenants ont affirm\u00e9 que le transport et la mobilit\u00e9 sont la principale source d\u2019\u00e9missions de dioxyde de carbone qui contribuent \u00e0 la pollution de l\u2019environnement, avec son impact n\u00e9gatif sur la sant\u00e9 des citoyens.<\/p>\n<p>Dans ce sillage, le directeur r\u00e9gional du d\u00e9partement de l\u2019environnement, Noureddine Brine, a mis en avant les efforts d\u00e9ploy\u00e9s pour att\u00e9nuer l\u2019impact et les r\u00e9percussions de la pollution de l\u2019air, aussi bien sur la sant\u00e9 des citoyens que sur l\u2019environnement, insistant sur l\u2019imp\u00e9ratif d\u2019\u0153uvrer pour le d\u00e9veloppement de mod\u00e8les innovants de financement qui soient en phase avec la vision strat\u00e9gique de la ville de Marrakech et de la r\u00e9gion dans le domaine de la mobilit\u00e9, ainsi que pour l\u2019am\u00e9lioration des axes communs entre la politique urbaine et celle de la mobilit\u00e9.<\/p>\n<p>Notant que cette rencontre illustre l\u2019ampleur de la coop\u00e9ration et de l\u2019interaction entre la Direction et l\u2019AESVT et la dynamique de cette association en mati\u00e8re de protection de l\u2019environnement et d\u2019innovation, M. Brine a mis l\u2019accent sur l\u2019importance du d\u00e9veloppement des zones caract\u00e9ris\u00e9es par de faibles \u00e9missions de dioxyde de carbone, y compris l\u2019ancienne m\u00e9dina de Marrakech, outre la promotion des technologies propres, soulignant le r\u00f4le que peut jouer la soci\u00e9t\u00e9 civile dans l\u2019\u00e9ducation des g\u00e9n\u00e9rations montantes pour la pr\u00e9servation d\u2019un environnement sain.<\/p>\n<p>Pour sa part, le pr\u00e9sident du conseil national de l\u2019AESVT-Maroc, Mohamed Larbi Saad, a mis en \u00e9vidence la pertinence de la th\u00e9matique de cette rencontre, devenue une n\u00e9cessit\u00e9 pour la mise en place d\u2019une mobilit\u00e9 urbaine, durable et intelligente, expliquant que le droit \u00e0 un environnement sain, garanti par la Constitution, est d\u2019une grande importance conform\u00e9ment aux conventions internationales.<\/p>\n<p>Il a aussi fait savoir que l\u2019Association vise \u00e0 engager un dialogue global sur cette th\u00e9matique pour d\u00e9terminer les divers concepts, approches, principes et proc\u00e9dures de gestion des diff\u00e9rents partenaires afin de formuler des recommandations importantes pour les d\u00e9cideurs dans les secteurs publics et les conseils \u00e9lus, \u00e0 m\u00eame de servir de contribution au d\u00e9bat actuel sur la mise en \u0153uvre du nouveau mod\u00e8le de d\u00e9veloppement.<\/p>\n<p>Les autres intervenants ont mis en relief l\u2019importance de cette question \u00e9troitement li\u00e9e \u00e0 la qualit\u00e9 de l\u2019air, notamment dans la cit\u00e9 ocre, qui ambitionne d\u2019occuper les premiers rangs en mati\u00e8re d\u2019attractivit\u00e9 et de rayonnement \u00e0 l\u2019\u00e9chelle internationale.<\/p>\n<p>Ils ont ainsi appel\u00e9 \u00e0 d\u00e9finir les meilleurs moyens pour la mise en place d\u2019un mode de transport et de mobilit\u00e9 moins polluant, et l\u2019\u00e9laboration d\u2019une vision de transport urbain garantissant l\u2019organisation de la circulation des moyens de transport en adoptant les nouvelles technologies, et la contribution au d\u00e9veloppement socio-\u00e9conomique de la r\u00e9gion.<\/p>\n<p>Ils ont rappel\u00e9 que cette conf\u00e9rence s\u2019inscrit dans le cadre du dialogue national sur le nouveau mod\u00e8le de d\u00e9veloppement, de la conception d\u2019alternatives pour acc\u00e9l\u00e9rer la cadence du d\u00e9veloppement et tirer vers le haut ses indicateurs, et de l\u2019\u00e9laboration d\u2019un sch\u00e9ma r\u00e9gional d\u2019am\u00e9nagement du territoire.<\/p>\n<p>Cette rencontre, \u00e0 laquelle ont pris part des repr\u00e9sentants des secteurs \u00e9tatiques et non \u00e9tatiques concern\u00e9s, des \u00e9lus, des acteurs de la soci\u00e9t\u00e9 civile et des chercheurs, intervient dans le cadre du programme annuel de l\u2019AESVT, en particulier dans ses volets relatifs \u00e0 l\u2019\u00e9ducation environnementale et au d\u00e9veloppement durable, \u00e0 l\u2019\u00e9ducation sanitaire et \u00e0 la promotion de l\u2019enseignement des sciences de la vie et de la terre.<\/p>\n<\/div>\n<p>Auteur: Meriem IGASS<br \/>\n<a href=\"http:\/\/www.mapmarrakech.ma\/fr\/appel-a-promouvoir-la-chose-environnementale\/\">Cliquez ici pour lire l&rsquo;article depuis sa source.<\/a><\/p>\n","protected":false},"excerpt":{"rendered":"<p>Marrakech \u2013 Les participants \u00e0 une conf\u00e9rence organis\u00e9e, mardi dans la cit\u00e9 ocre, sous le th\u00e8me \u00ab\u00a0Quelle strat\u00e9gie locale et r\u00e9gionale pour r\u00e9ussir l\u2019enjeu de la transition vers la mobilit\u00e9 durable\u00a0\u00bb, ont soulign\u00e9 la n\u00e9cessit\u00e9 de f\u00e9d\u00e9rer les efforts de toutes les parties prenantes pour la pr\u00e9servation des ressources naturelles et la promotion de la [&hellip;]<\/p>\n","protected":false},"author":1788,"featured_media":0,"comment_status":"closed","ping_status":"closed","sticky":false,"template":"","format":"standard","meta":{"fifu_image_url":"","fifu_image_alt":"","footnotes":""},"categories":[54,76],"tags":[],"class_list":["post-118271","post","type-post","status-publish","format-standard","hentry","category-maroc","category-regions"],"_links":{"self":[{"href":"https:\/\/linitiative.ca\/International\/wp-json\/wp\/v2\/posts\/118271","targetHints":{"allow":["GET"]}}],"collection":[{"href":"https:\/\/linitiative.ca\/International\/wp-json\/wp\/v2\/posts"}],"about":[{"href":"https:\/\/linitiative.ca\/International\/wp-json\/wp\/v2\/types\/post"}],"author":[{"embeddable":true,"href":"https:\/\/linitiative.ca\/International\/wp-json\/wp\/v2\/users\/1788"}],"replies":[{"embeddable":true,"href":"https:\/\/linitiative.ca\/International\/wp-json\/wp\/v2\/comments?post=118271"}],"version-history":[{"count":0,"href":"https:\/\/linitiative.ca\/International\/wp-json\/wp\/v2\/posts\/118271\/revisions"}],"wp:attachment":[{"href":"https:\/\/linitiative.ca\/International\/wp-json\/wp\/v2\/media?parent=118271"}],"wp:term":[{"taxonomy":"category","embeddable":true,"href":"https:\/\/linitiative.ca\/International\/wp-json\/wp\/v2\/categories?post=118271"},{"taxonomy":"post_tag","embeddable":true,"href":"https:\/\/linitiative.ca\/International\/wp-json\/wp\/v2\/tags?post=118271"}],"curies":[{"name":"wp","href":"https:\/\/api.w.org\/{rel}","templated":true}]}}