{"id":118272,"date":"2021-06-09T06:42:51","date_gmt":"2021-06-09T10:42:51","guid":{"rendered":"https:\/\/linitiative.ca\/International\/covid-19-les-cas-dinfection-ont-tendance-a-stagner\/"},"modified":"2021-06-09T06:42:51","modified_gmt":"2021-06-09T10:42:51","slug":"covid-19-les-cas-dinfection-ont-tendance-a-stagner","status":"publish","type":"post","link":"https:\/\/linitiative.ca\/International\/covid-19-les-cas-dinfection-ont-tendance-a-stagner\/","title":{"rendered":"Covid-19: Les cas d\u2019infection ont tendance \u00e0 stagner"},"content":{"rendered":"<div class=\"single-featured\"><img alt=\"\" data-src=\"http:\/\/www.mapmarrakech.ma\/map\/uploads\/2021\/06\/Abdelkrim-Meziane-Bellefquih-504x300.jpg\"\/><\/div>\n<div class=\"single-post-excerpt post-excerpt-bc\" readability=\"37\">\n<p>Les cas d\u2019infection au covid-19 ont tendance \u00e0 stagner durant les deux derni\u00e8res semaines en d\u00e9pit d\u2019une l\u00e9g\u00e8re hausse des contaminations, a indiqu\u00e9 mardi \u00e0 Rabat le chef de la division des maladies transmissibles \u00e0 la direction de l\u2019\u00e9pid\u00e9miologie et de lutte contre les maladies, Abdelkrim Meziane Bellefquih.<\/p>\n<\/div>\n<div class=\"entry-content clearfix single-post-content\" readability=\"66\">\n<p align=\"justify\">Pr\u00e9sentant le bilan bimensuel de la situation \u00e9pid\u00e9miologique dans le Royaume, le responsable a expliqu\u00e9 que cette l\u00e9g\u00e8re hausse intervient apr\u00e8s l\u2019all\u00e8gement des mesures sanitaires mises place apr\u00e8s l\u2019A\u00efd Al Fitr.<\/p>\n<p>En outre, le nombre des cas positifs a l\u00e9g\u00e8rement augment\u00e9 sur deux semaines en passant de 2,46% \u00e0 3,87%, a-t-il relev\u00e9, ajoutant que cette tendance \u00e0 la hausse a principalement concern\u00e9 la r\u00e9gion de Casablanca-Settat (8,29%). Il y a eu \u00e9galement une hausse des cas actifs de 2.595 \u00e0 3.072 cas (+15%).<\/p>\n<p align=\"justify\">Selon M. Bellefquih, une baisse de 11,8% des cas critiques ou s\u00e9v\u00e8res admis aux unit\u00e9s de soins intensifs a \u00e9t\u00e9 observ\u00e9e, passant ainsi de 208 cas \u00e0 186 cas, alors que les cas sous intubation restent entre 6 et 8 cas durant la m\u00eame p\u00e9riode. La courbe des d\u00e9c\u00e8s enregistr\u00e9s a connu une stagnation entre 50 et 56 cas.<\/p>\n<p align=\"justify\">Le responsable n\u2019a pas manqu\u00e9 d\u2019appeler \u00e0 continuer de faire preuve de vigilance m\u00eame apr\u00e8s l\u2019all\u00e8gement des mesures sanitaires, ainsi qu\u2019au respect des mesures de pr\u00e9vention afin de pr\u00e9server les acquis en la mati\u00e8re.<\/p>\n<p align=\"justify\">Par ailleurs, il s\u2019est f\u00e9licit\u00e9 du bon d\u00e9roulement de la campagne de vaccination anti-Covid qui en est \u00e0 sa 19\u00e8me semaine, pr\u00e9cisant que plus de 9 millions de personnes ont re\u00e7u la premi\u00e8re dose du vaccin et plus de 6 millions de personnes ont \u00e9t\u00e9 compl\u00e8tement vaccin\u00e9es.<\/p>\n<\/div>\n<p>Auteur: Meriem IGASS<br \/>\n<a href=\"http:\/\/www.mapmarrakech.ma\/fr\/covid-19-les-cas-dinfection-ont-tendance-a-stagner\/\">Cliquez ici pour lire l&rsquo;article depuis sa source.<\/a><\/p>\n","protected":false},"excerpt":{"rendered":"<p>Les cas d\u2019infection au covid-19 ont tendance \u00e0 stagner durant les deux derni\u00e8res semaines en d\u00e9pit d\u2019une l\u00e9g\u00e8re hausse des contaminations, a indiqu\u00e9 mardi \u00e0 Rabat le chef de la division des maladies transmissibles \u00e0 la direction de l\u2019\u00e9pid\u00e9miologie et de lutte contre les maladies, Abdelkrim Meziane Bellefquih. Pr\u00e9sentant le bilan bimensuel de la situation [&hellip;]<\/p>\n","protected":false},"author":1788,"featured_media":0,"comment_status":"closed","ping_status":"closed","sticky":false,"template":"","format":"standard","meta":{"fifu_image_url":"http:\/\/www.mapmarrakech.ma\/map\/uploads\/2021\/06\/Abdelkrim-Meziane-Bellefquih-504x300.jpg","fifu_image_alt":"Covid-19: Les cas d\u2019infection ont tendance \u00e0 stagner","footnotes":""},"categories":[54,76],"tags":[],"class_list":["post-118272","post","type-post","status-publish","format-standard","hentry","category-maroc","category-regions"],"_links":{"self":[{"href":"https:\/\/linitiative.ca\/International\/wp-json\/wp\/v2\/posts\/118272","targetHints":{"allow":["GET"]}}],"collection":[{"href":"https:\/\/linitiative.ca\/International\/wp-json\/wp\/v2\/posts"}],"about":[{"href":"https:\/\/linitiative.ca\/International\/wp-json\/wp\/v2\/types\/post"}],"author":[{"embeddable":true,"href":"https:\/\/linitiative.ca\/International\/wp-json\/wp\/v2\/users\/1788"}],"replies":[{"embeddable":true,"href":"https:\/\/linitiative.ca\/International\/wp-json\/wp\/v2\/comments?post=118272"}],"version-history":[{"count":0,"href":"https:\/\/linitiative.ca\/International\/wp-json\/wp\/v2\/posts\/118272\/revisions"}],"wp:attachment":[{"href":"https:\/\/linitiative.ca\/International\/wp-json\/wp\/v2\/media?parent=118272"}],"wp:term":[{"taxonomy":"category","embeddable":true,"href":"https:\/\/linitiative.ca\/International\/wp-json\/wp\/v2\/categories?post=118272"},{"taxonomy":"post_tag","embeddable":true,"href":"https:\/\/linitiative.ca\/International\/wp-json\/wp\/v2\/tags?post=118272"}],"curies":[{"name":"wp","href":"https:\/\/api.w.org\/{rel}","templated":true}]}}