{"id":118273,"date":"2021-06-09T09:18:11","date_gmt":"2021-06-09T13:18:11","guid":{"rendered":"https:\/\/linitiative.ca\/International\/phosphates-et-derives-bonne-performance-de-la-production-a-fin-mars\/"},"modified":"2021-06-09T09:18:11","modified_gmt":"2021-06-09T13:18:11","slug":"phosphates-et-derives-bonne-performance-de-la-production-a-fin-mars","status":"publish","type":"post","link":"https:\/\/linitiative.ca\/International\/phosphates-et-derives-bonne-performance-de-la-production-a-fin-mars\/","title":{"rendered":"Phosphates et d\u00e9riv\u00e9s: Bonne performance de la production \u00e0 fin mars"},"content":{"rendered":"<div readability=\"36\">\n<p>La production des phosphates et d\u00e9riv\u00e9s a enregistr\u00e9 une bonne performance durant les trois premiers mois de cette ann\u00e9e, indique la Direction des \u00e9tudes et des pr\u00e9visions financi\u00e8res (DEPF) relevant du minist\u00e8re de l\u2019Economie, des finances et de la r\u00e9forme de l\u2019administration.<\/p>\n<\/div>\n<div readability=\"68\">\n<p>Le secteur extractif a ainsi cl\u00f4tur\u00e9 le premier trimestre 2021 sur une hausse de la production de phosphate roche, principale composante du secteur, de 6,6%, apr\u00e8s une quasi-stagnation l\u2019ann\u00e9e pr\u00e9c\u00e9dente (+0,1%), fait savoir la DEPF dans sa r\u00e9cente note de conjoncture.<\/p>\n<p>De son c\u00f4t\u00e9, la production des d\u00e9riv\u00e9s de phosphate s\u2019est renforc\u00e9e de 6,4%, suite \u00e0 la consolidation de la production de l\u2019acide phosphorique de 11,5% et de celle des engrais de 3,4%, pr\u00e9cise la m\u00eame source.<\/p>\n<p>Ladite note fait aussi ressortir qu\u2019au titre de la m\u00eame p\u00e9riode, la valeur des exportations de phosphates et d\u00e9riv\u00e9s s\u2019est raffermie de 21,7%, b\u00e9n\u00e9ficiant d\u2019un raffermissement au mois de mars de 42,3%, apr\u00e8s +3,9% en f\u00e9vrier et +12,6% en janvier 2021.<\/p>\n<p>L\u2019\u00e9volution du mois de mars recouvre le renforcement des exp\u00e9ditions de phosphate roche (+23,8% en valeur et +18,3% et en volume) et de ses d\u00e9riv\u00e9s (+45,7% en valeur et +24,5% en volume).<\/p>\n<\/div>\n<p>Auteur: Meriem IGASS<br \/>\n<a href=\"http:\/\/www.mapmarrakech.ma\/fr\/phosphates-et-derives-bonne-performance-de-la-production-a-fin-mars\/\">Cliquez ici pour lire l&rsquo;article depuis sa source.<\/a><\/p>\n","protected":false},"excerpt":{"rendered":"<p>La production des phosphates et d\u00e9riv\u00e9s a enregistr\u00e9 une bonne performance durant les trois premiers mois de cette ann\u00e9e, indique la Direction des \u00e9tudes et des pr\u00e9visions financi\u00e8res (DEPF) relevant du minist\u00e8re de l\u2019Economie, des finances et de la r\u00e9forme de l\u2019administration. Le secteur extractif a ainsi cl\u00f4tur\u00e9 le premier trimestre 2021 sur une hausse [&hellip;]<\/p>\n","protected":false},"author":1788,"featured_media":0,"comment_status":"closed","ping_status":"closed","sticky":false,"template":"","format":"standard","meta":{"fifu_image_url":"","fifu_image_alt":"","footnotes":""},"categories":[54,76],"tags":[],"class_list":["post-118273","post","type-post","status-publish","format-standard","hentry","category-maroc","category-regions"],"_links":{"self":[{"href":"https:\/\/linitiative.ca\/International\/wp-json\/wp\/v2\/posts\/118273","targetHints":{"allow":["GET"]}}],"collection":[{"href":"https:\/\/linitiative.ca\/International\/wp-json\/wp\/v2\/posts"}],"about":[{"href":"https:\/\/linitiative.ca\/International\/wp-json\/wp\/v2\/types\/post"}],"author":[{"embeddable":true,"href":"https:\/\/linitiative.ca\/International\/wp-json\/wp\/v2\/users\/1788"}],"replies":[{"embeddable":true,"href":"https:\/\/linitiative.ca\/International\/wp-json\/wp\/v2\/comments?post=118273"}],"version-history":[{"count":0,"href":"https:\/\/linitiative.ca\/International\/wp-json\/wp\/v2\/posts\/118273\/revisions"}],"wp:attachment":[{"href":"https:\/\/linitiative.ca\/International\/wp-json\/wp\/v2\/media?parent=118273"}],"wp:term":[{"taxonomy":"category","embeddable":true,"href":"https:\/\/linitiative.ca\/International\/wp-json\/wp\/v2\/categories?post=118273"},{"taxonomy":"post_tag","embeddable":true,"href":"https:\/\/linitiative.ca\/International\/wp-json\/wp\/v2\/tags?post=118273"}],"curies":[{"name":"wp","href":"https:\/\/api.w.org\/{rel}","templated":true}]}}