{"id":118274,"date":"2021-06-09T10:54:28","date_gmt":"2021-06-09T14:54:28","guid":{"rendered":"https:\/\/linitiative.ca\/International\/plateforme-ajal-lancement-du-depot-electronique-des-factures-des-eep\/"},"modified":"2021-06-09T10:54:28","modified_gmt":"2021-06-09T14:54:28","slug":"plateforme-ajal-lancement-du-depot-electronique-des-factures-des-eep","status":"publish","type":"post","link":"https:\/\/linitiative.ca\/International\/plateforme-ajal-lancement-du-depot-electronique-des-factures-des-eep\/","title":{"rendered":"Plateforme AJAL: Lancement du d\u00e9p\u00f4t \u00e9lectronique des factures des EEP"},"content":{"rendered":"<p class=\"c4\">Un nouveau module de d\u00e9p\u00f4t \u00e9lectronique des factures en faveur des \u00c9tablissements et Entreprises Publics (EEP) est d\u00e9sormais disponible sur la plateforme AJAL, a annonc\u00e9 le minist\u00e8re de de l\u2019Economie, des finances et de la r\u00e9forme de l\u2019administration (MEFRA).<\/p>\n<p class=\"c4\">Le minist\u00e8re a diffus\u00e9 en date du 1er juin 2020 la circulaire n\u00b0 59\/20\/DEPP en vue du lancement, de mani\u00e8re progressive, du d\u00e9p\u00f4t \u00e9lectronique des factures des fournisseurs des EEP, pr\u00e9cise un communiqu\u00e9 du MEFRA.<\/p>\n<p class=\"c4\">Dans ce cadre, il a proc\u00e9d\u00e9 \u00e0 l\u2019int\u00e9gration, \u00e0 la plateforme AJAL, d\u2019un nouveau module de d\u00e9p\u00f4t \u00e9lectronique des factures en faveur des EEP qui choisissent cette plateforme, indique la m\u00eame source.<\/p>\n<p class=\"c4\">Aussi, les fournisseurs des EEP ayant opt\u00e9 pour l\u2019utilisation de la plateforme AJAL peuvent-ils proc\u00e9der au d\u00e9p\u00f4t de leurs factures selon un planning, rel\u00e8ve la m\u00eame source, pr\u00e9cisant que pour les factures relatives aux commandes sup\u00e9rieures \u00e0 5 MDH, c\u2019est \u00e0 partir du 9 juin 2021, pour les factures relatives aux commandes sup\u00e9rieures \u00e0 1 MDH, c\u2019est \u00e0 partir du 1er janvier 2022 et pour les factures relatives aux commandes sup\u00e9rieures \u00e0 0,2 MDH, c\u2019est \u00e0 partir du 1er juin 2022.<\/p>\n<p class=\"c4\">Concernant les fournisseurs des EEP ayant opt\u00e9 pour leurs propres plateformes d\u00e9j\u00e0 d\u00e9ploy\u00e9es, la liste de ces organismes sera publi\u00e9e au niveau de la rubrique de l\u2019Observatoire des D\u00e9lais de Paiement (ODP) \u00e0 partir du 9 juin 2021, \u00e9tant pr\u00e9cis\u00e9 que le chantier d\u2019int\u00e9gration entre ces plateformes et la plateforme AJAL est en cours, note la m\u00eame source.<\/p>\n<p>Auteur: Soufiane ELAHMAR<br \/>\n<a href=\"http:\/\/www.mapoujda.ma\/fr\/plateforme-ajal-lancement-du-depot-electronique-des-factures-des-eep\/\">Cliquez ici pour lire l&rsquo;article depuis sa source.<\/a><\/p>\n","protected":false},"excerpt":{"rendered":"<p>Un nouveau module de d\u00e9p\u00f4t \u00e9lectronique des factures en faveur des \u00c9tablissements et Entreprises Publics (EEP) est d\u00e9sormais disponible sur la plateforme AJAL, a annonc\u00e9 le minist\u00e8re de de l\u2019Economie, des finances et de la r\u00e9forme de l\u2019administration (MEFRA). Le minist\u00e8re a diffus\u00e9 en date du 1er juin 2020 la circulaire n\u00b0 59\/20\/DEPP en vue [&hellip;]<\/p>\n","protected":false},"author":1788,"featured_media":0,"comment_status":"closed","ping_status":"closed","sticky":false,"template":"","format":"standard","meta":{"fifu_image_url":"","fifu_image_alt":"","footnotes":""},"categories":[54,76],"tags":[],"class_list":["post-118274","post","type-post","status-publish","format-standard","hentry","category-maroc","category-regions"],"_links":{"self":[{"href":"https:\/\/linitiative.ca\/International\/wp-json\/wp\/v2\/posts\/118274","targetHints":{"allow":["GET"]}}],"collection":[{"href":"https:\/\/linitiative.ca\/International\/wp-json\/wp\/v2\/posts"}],"about":[{"href":"https:\/\/linitiative.ca\/International\/wp-json\/wp\/v2\/types\/post"}],"author":[{"embeddable":true,"href":"https:\/\/linitiative.ca\/International\/wp-json\/wp\/v2\/users\/1788"}],"replies":[{"embeddable":true,"href":"https:\/\/linitiative.ca\/International\/wp-json\/wp\/v2\/comments?post=118274"}],"version-history":[{"count":0,"href":"https:\/\/linitiative.ca\/International\/wp-json\/wp\/v2\/posts\/118274\/revisions"}],"wp:attachment":[{"href":"https:\/\/linitiative.ca\/International\/wp-json\/wp\/v2\/media?parent=118274"}],"wp:term":[{"taxonomy":"category","embeddable":true,"href":"https:\/\/linitiative.ca\/International\/wp-json\/wp\/v2\/categories?post=118274"},{"taxonomy":"post_tag","embeddable":true,"href":"https:\/\/linitiative.ca\/International\/wp-json\/wp\/v2\/tags?post=118274"}],"curies":[{"name":"wp","href":"https:\/\/api.w.org\/{rel}","templated":true}]}}