{"id":118276,"date":"2021-06-09T10:33:54","date_gmt":"2021-06-09T14:33:54","guid":{"rendered":"https:\/\/linitiative.ca\/International\/souss-massa-industrie-le-cri-et-awb-font-front-commun\/"},"modified":"2021-06-09T10:33:54","modified_gmt":"2021-06-09T14:33:54","slug":"souss-massa-industrie-le-cri-et-awb-font-front-commun","status":"publish","type":"post","link":"https:\/\/linitiative.ca\/International\/souss-massa-industrie-le-cri-et-awb-font-front-commun\/","title":{"rendered":"Souss-Massa\/ Industrie: Le CRI et AWB font front commun"},"content":{"rendered":"<p class=\"rtejustify\"><span class=\"c4\">Le Centre r\u00e9gional d\u2019investissement de la r\u00e9gion Souss Massa (CRI-SM) et Attijariwafa Bank ont sign\u00e9 r\u00e9cemment \u00e0 Agadir, une convention de partenariat visant la dynamisation du tissu industriel.<\/span><\/p>\n<p class=\"rtejustify\"><span class=\"c4\">Cet accord rentre dans le cadre de la banque de projets mise en place par le minist\u00e8re de l\u2019Industrie, du Commerce, de l\u2019\u00c9conomie verte et num\u00e9rique, indique le CRI. Il permettra de r\u00e9aliser des actions relatives \u00e0 la promotion, l\u2019accompagnement de l\u2019investissement et la favorisation de la cr\u00e9ation d\u2019entreprises dans la r\u00e9gion. Plusieurs axes seront concern\u00e9s.<\/span><\/p>\n<p class=\"rtejustify\"><span class=\"c4\">Entres autres, la mobilisation des op\u00e9rateurs \u00e9conomiques de la r\u00e9gion autour de la banque de projets , l\u2019accompagnement des investisseurs et des cr\u00e9ateurs d\u2019entreprises et le d\u00e9veloppement des comp\u00e9tences.<\/span><\/p>\n<p class=\"rtejustify\">\u00a0<\/p>\n<p>Auteur: mbasraoui<br \/>\n<a href=\"https:\/\/www.leconomiste.com\/flash-infos\/souss-massa-industrie-le-cri-et-awb-font-front-commun\">Cliquez ici pour lire l&rsquo;article depuis sa source.<\/a><\/p>\n","protected":false},"excerpt":{"rendered":"<p>Le Centre r\u00e9gional d\u2019investissement de la r\u00e9gion Souss Massa (CRI-SM) et Attijariwafa Bank ont sign\u00e9 r\u00e9cemment \u00e0 Agadir, une convention de partenariat visant la dynamisation du tissu industriel. Cet accord rentre dans le cadre de la banque de projets mise en place par le minist\u00e8re de l\u2019Industrie, du Commerce, de l\u2019\u00c9conomie verte et num\u00e9rique, indique [&hellip;]<\/p>\n","protected":false},"author":1763,"featured_media":0,"comment_status":"closed","ping_status":"closed","sticky":false,"template":"","format":"standard","meta":{"fifu_image_url":"","fifu_image_alt":"","footnotes":""},"categories":[78,54],"tags":[],"class_list":["post-118276","post","type-post","status-publish","format-standard","hentry","category-economie","category-maroc"],"_links":{"self":[{"href":"https:\/\/linitiative.ca\/International\/wp-json\/wp\/v2\/posts\/118276","targetHints":{"allow":["GET"]}}],"collection":[{"href":"https:\/\/linitiative.ca\/International\/wp-json\/wp\/v2\/posts"}],"about":[{"href":"https:\/\/linitiative.ca\/International\/wp-json\/wp\/v2\/types\/post"}],"author":[{"embeddable":true,"href":"https:\/\/linitiative.ca\/International\/wp-json\/wp\/v2\/users\/1763"}],"replies":[{"embeddable":true,"href":"https:\/\/linitiative.ca\/International\/wp-json\/wp\/v2\/comments?post=118276"}],"version-history":[{"count":0,"href":"https:\/\/linitiative.ca\/International\/wp-json\/wp\/v2\/posts\/118276\/revisions"}],"wp:attachment":[{"href":"https:\/\/linitiative.ca\/International\/wp-json\/wp\/v2\/media?parent=118276"}],"wp:term":[{"taxonomy":"category","embeddable":true,"href":"https:\/\/linitiative.ca\/International\/wp-json\/wp\/v2\/categories?post=118276"},{"taxonomy":"post_tag","embeddable":true,"href":"https:\/\/linitiative.ca\/International\/wp-json\/wp\/v2\/tags?post=118276"}],"curies":[{"name":"wp","href":"https:\/\/api.w.org\/{rel}","templated":true}]}}