{"id":118277,"date":"2021-06-09T10:48:49","date_gmt":"2021-06-09T14:48:49","guid":{"rendered":"https:\/\/linitiative.ca\/International\/sajid-oublions-les-debats-sur-les-ideologies-des-partis\/"},"modified":"2021-06-09T10:48:49","modified_gmt":"2021-06-09T14:48:49","slug":"sajid-oublions-les-debats-sur-les-ideologies-des-partis","status":"publish","type":"post","link":"https:\/\/linitiative.ca\/International\/sajid-oublions-les-debats-sur-les-ideologies-des-partis\/","title":{"rendered":"Sajid: \u00ab\u00a0Oublions les d\u00e9bats sur les id\u00e9ologies des partis&#8230;\u00a0\u00bb"},"content":{"rendered":"<p class=\"rtejustify\">\u00ab\u00a0Le quotient \u00e9lectoral retenu pour les prochaines \u00e9ch\u00e9ances permettra un multipartisme d\u00e9mocratique et \u00e9vitera \u00e0 un seul parti de dominer la sc\u00e8ne politique\u00a0\u00bb, a not\u00e9 Mohamed Sajid, SG de l&rsquo;Union constitutionnelle (UC).<\/p>\n<p class=\"rtejustify\">Invit\u00e9 ce 9 juin 2021 au d\u00e9bat de l&rsquo;universit\u00e9 Sidi Mohammed Ben Abdellah de F\u00e8s, l&rsquo;ex-maire de Casablanca a soulign\u00e9 que l&rsquo;h\u00e9g\u00e9monie d&rsquo;une formation politique est dangereuse pour la soci\u00e9t\u00e9&#8230;Car, elle ne permet pas \u00e0 toutes les composantes de s&rsquo;exprimer librement, de proposer et de gouverner\u00a0\u00bb. \u00ab\u00a0Le nouveau quotient ouvrira la voie \u00e0 tous les partis, y compris les plus petits d&rsquo;exercer et de travailler pour le bien commun de la Nation\u00a0\u00bb, ajoute le patron de l&rsquo;UC. Ce dernier n&rsquo;a pas omis de rappeler que \u00ab\u00a0le Maroc a fait un grand progr\u00e8s et que beaucoup reste \u00e0 faire\u00a0\u00bb.<\/p>\n<p class=\"rtejustify\">A commencer par restaurer la confiance dans la classe politique, assurer un bel avenir aux jeunes g\u00e9n\u00e9rations et garantir la mise en \u0153uvre du nouveau mod\u00e8le de d\u00e9veloppement. Sajid a \u00e9galement rappel\u00e9 son bilan et ses r\u00e9alisations alors d\u00e9put\u00e9 au nom de Taroudant, ou encore \u00e0 la t\u00eate de la ville de Casablanca et ses 27 communes et principalement la mise en service de deux lignes de Tramway et l&rsquo;investissement en infrastructures qui a d\u00e9pass\u00e9 les 39 milliards de DH durant ses deux mandats. \u00ab\u00a0En 2003, les besoins s&rsquo;\u00e9tablissaient \u00e0 plus de 60 milliards de DH&#8230;nous avons pu injecter plus de la moiti\u00e9 de cette enveloppe gr\u00e2ce \u00e0 la volont\u00e9 et l&rsquo;engagement.<\/p>\n<p class=\"rtejustify\">Engagement qui a fait que la date retenue pour l&rsquo;inauguration de la premi\u00e8re ligne de tramway (12\/12\/2021) a \u00e9t\u00e9 maintenue et respecter\u00a0\u00bb, f\u00e9licite Sajid. Sur un autre registre, ce dernier a affirm\u00e9 que le d\u00e9bat sur l&rsquo;id\u00e9ologie des partis est r\u00e9volu.<\/p>\n<p class=\"rtejustify\">\u00ab\u00a0Maintenant, tout parti doit avoir une vision pragmatique, aller de l&rsquo;avant, d\u00e9velopper le pays et hisser le niveau de vie des Marocains\u00a0\u00bb, conclut-il.<\/p>\n<p class=\"rtejustify\">Y.S.A<\/p>\n<p class=\"rtejustify\">\u00a0<\/p>\n<p>Auteur: mbasraoui<br \/>\n<a href=\"https:\/\/www.leconomiste.com\/flash-infos\/sajid-oublions-les-debats-sur-les-ideologies-des-partis\">Cliquez ici pour lire l&rsquo;article depuis sa source.<\/a><\/p>\n","protected":false},"excerpt":{"rendered":"<p>\u00ab\u00a0Le quotient \u00e9lectoral retenu pour les prochaines \u00e9ch\u00e9ances permettra un multipartisme d\u00e9mocratique et \u00e9vitera \u00e0 un seul parti de dominer la sc\u00e8ne politique\u00a0\u00bb, a not\u00e9 Mohamed Sajid, SG de l&rsquo;Union constitutionnelle (UC). Invit\u00e9 ce 9 juin 2021 au d\u00e9bat de l&rsquo;universit\u00e9 Sidi Mohammed Ben Abdellah de F\u00e8s, l&rsquo;ex-maire de Casablanca a soulign\u00e9 que l&rsquo;h\u00e9g\u00e9monie d&rsquo;une [&hellip;]<\/p>\n","protected":false},"author":1763,"featured_media":0,"comment_status":"closed","ping_status":"closed","sticky":false,"template":"","format":"standard","meta":{"fifu_image_url":"","fifu_image_alt":"","footnotes":""},"categories":[78,54],"tags":[],"class_list":["post-118277","post","type-post","status-publish","format-standard","hentry","category-economie","category-maroc"],"_links":{"self":[{"href":"https:\/\/linitiative.ca\/International\/wp-json\/wp\/v2\/posts\/118277","targetHints":{"allow":["GET"]}}],"collection":[{"href":"https:\/\/linitiative.ca\/International\/wp-json\/wp\/v2\/posts"}],"about":[{"href":"https:\/\/linitiative.ca\/International\/wp-json\/wp\/v2\/types\/post"}],"author":[{"embeddable":true,"href":"https:\/\/linitiative.ca\/International\/wp-json\/wp\/v2\/users\/1763"}],"replies":[{"embeddable":true,"href":"https:\/\/linitiative.ca\/International\/wp-json\/wp\/v2\/comments?post=118277"}],"version-history":[{"count":0,"href":"https:\/\/linitiative.ca\/International\/wp-json\/wp\/v2\/posts\/118277\/revisions"}],"wp:attachment":[{"href":"https:\/\/linitiative.ca\/International\/wp-json\/wp\/v2\/media?parent=118277"}],"wp:term":[{"taxonomy":"category","embeddable":true,"href":"https:\/\/linitiative.ca\/International\/wp-json\/wp\/v2\/categories?post=118277"},{"taxonomy":"post_tag","embeddable":true,"href":"https:\/\/linitiative.ca\/International\/wp-json\/wp\/v2\/tags?post=118277"}],"curies":[{"name":"wp","href":"https:\/\/api.w.org\/{rel}","templated":true}]}}