{"id":118278,"date":"2021-06-09T11:15:20","date_gmt":"2021-06-09T15:15:20","guid":{"rendered":"https:\/\/linitiative.ca\/International\/covid-93-millions-de-personnes-vaccinees-plus-de-243-000-doses-administrees\/"},"modified":"2021-06-09T11:15:20","modified_gmt":"2021-06-09T15:15:20","slug":"covid-93-millions-de-personnes-vaccinees-plus-de-243-000-doses-administrees","status":"publish","type":"post","link":"https:\/\/linitiative.ca\/International\/covid-93-millions-de-personnes-vaccinees-plus-de-243-000-doses-administrees\/","title":{"rendered":"Covid: 9,3 millions de personnes vaccin\u00e9es, plus de 243.000 doses administr\u00e9es"},"content":{"rendered":"<p class=\"rtejustify\">Un total de <strong>386<\/strong>\u00a0nouveaux cas d&rsquo;infection au coronavirus et de <strong>298<\/strong> gu\u00e9risons a \u00e9t\u00e9 enregistr\u00e9 au Maroc au cours des derni\u00e8res 24 heures, a indiqu\u00e9 mercredi\u00a0le minist\u00e8re de la Sant\u00e9. Le nombre de personnes ayant re\u00e7u la premi\u00e8re dose du vaccin a atteint <strong>9.354.932<\/strong>, a soulign\u00e9 le minist\u00e8re dans son bulletin quotidien sur la situation de la pand\u00e9mie de Covid-19, notant que les personnes compl\u00e8tement vaccin\u00e9es (1\u00e8re et 2\u00e8me doses) sont au nombre de <strong>6.687.738<\/strong>. Plus de <strong>243.000<\/strong> nouvelles doses ont \u00e9t\u00e9 administr\u00e9es.<\/p>\n<p class=\"rtejustify\">Les nouveaux cas d&rsquo;infection portent \u00e0 <strong>522.389<\/strong>\u00a0le nombre total des contaminations depuis le premier cas signal\u00e9 en mars 2020, tandis que le nombre des personnes r\u00e9tablies est pass\u00e9 \u00e0 <strong>509.958<\/strong>, soit un taux de gu\u00e9rison de 97,6%. En outre, le nombre total de d\u00e9c\u00e8s atteint <strong>9.190<\/strong>\u00a0avec <strong>3<\/strong> nouveaux d\u00e9c\u00e8s durant les derni\u00e8res 24 heures. Par ailleurs, les cas actifs sont au nombre de <strong>3.241<\/strong>, tandis que les cas s\u00e9v\u00e8res ou critiques ont atteint <strong>203<\/strong>, dont <strong>9<\/strong> plac\u00e9s sous intubation et <strong>88<\/strong> sous ventilation non invasive.<\/p>\n<blockquote readability=\"4.75\">\n<p class=\"rtejustify\"><strong>Pour plus de d\u00e9tails, voir l&rsquo;\u00e9volution en temps r\u00e9el de l&rsquo;\u00e9pid\u00e9mie sur <a href=\"https:\/\/www.leconomiste.com\/covid19\/\">https:\/\/www.leconomiste.com\/covid19\/<\/a><\/strong><\/p>\n<\/blockquote>\n<p>Auteur: hgueye<br \/>\n<a href=\"https:\/\/www.leconomiste.com\/flash-infos\/covid-9-3-millions-de-personnes-vaccinees-plus-de-243-000-doses-admnistrees\">Cliquez ici pour lire l&rsquo;article depuis sa source.<\/a><\/p>\n","protected":false},"excerpt":{"rendered":"<p>Un total de 386\u00a0nouveaux cas d&rsquo;infection au coronavirus et de 298 gu\u00e9risons a \u00e9t\u00e9 enregistr\u00e9 au Maroc au cours des derni\u00e8res 24 heures, a indiqu\u00e9 mercredi\u00a0le minist\u00e8re de la Sant\u00e9. Le nombre de personnes ayant re\u00e7u la premi\u00e8re dose du vaccin a atteint 9.354.932, a soulign\u00e9 le minist\u00e8re dans son bulletin quotidien sur la situation [&hellip;]<\/p>\n","protected":false},"author":1763,"featured_media":0,"comment_status":"closed","ping_status":"closed","sticky":false,"template":"","format":"standard","meta":{"fifu_image_url":"","fifu_image_alt":"","footnotes":""},"categories":[78,54],"tags":[],"class_list":["post-118278","post","type-post","status-publish","format-standard","hentry","category-economie","category-maroc"],"_links":{"self":[{"href":"https:\/\/linitiative.ca\/International\/wp-json\/wp\/v2\/posts\/118278","targetHints":{"allow":["GET"]}}],"collection":[{"href":"https:\/\/linitiative.ca\/International\/wp-json\/wp\/v2\/posts"}],"about":[{"href":"https:\/\/linitiative.ca\/International\/wp-json\/wp\/v2\/types\/post"}],"author":[{"embeddable":true,"href":"https:\/\/linitiative.ca\/International\/wp-json\/wp\/v2\/users\/1763"}],"replies":[{"embeddable":true,"href":"https:\/\/linitiative.ca\/International\/wp-json\/wp\/v2\/comments?post=118278"}],"version-history":[{"count":0,"href":"https:\/\/linitiative.ca\/International\/wp-json\/wp\/v2\/posts\/118278\/revisions"}],"wp:attachment":[{"href":"https:\/\/linitiative.ca\/International\/wp-json\/wp\/v2\/media?parent=118278"}],"wp:term":[{"taxonomy":"category","embeddable":true,"href":"https:\/\/linitiative.ca\/International\/wp-json\/wp\/v2\/categories?post=118278"},{"taxonomy":"post_tag","embeddable":true,"href":"https:\/\/linitiative.ca\/International\/wp-json\/wp\/v2\/tags?post=118278"}],"curies":[{"name":"wp","href":"https:\/\/api.w.org\/{rel}","templated":true}]}}