{"id":118280,"date":"2021-06-09T15:10:59","date_gmt":"2021-06-09T19:10:59","guid":{"rendered":"https:\/\/linitiative.ca\/International\/equipe-dalgerie-tunisie-deux-absents-de-taille-pour-le-match-face-a-lalgerie\/"},"modified":"2021-06-09T15:10:59","modified_gmt":"2021-06-09T19:10:59","slug":"equipe-dalgerie-tunisie-deux-absents-de-taille-pour-le-match-face-a-lalgerie","status":"publish","type":"post","link":"https:\/\/linitiative.ca\/International\/equipe-dalgerie-tunisie-deux-absents-de-taille-pour-le-match-face-a-lalgerie\/","title":{"rendered":"Equipe d&rsquo;Alg\u00e9rie : Tunisie : Deux absents de taille pour le match face \u00e0 l&rsquo;Alg\u00e9rie"},"content":{"rendered":"<div readability=\"32\">\n<p>Auteur : <span class=\"time\">mercredi 09 juin 2021 11:04<\/span><\/p>\n<\/div>\n<div id=\"post_core\" readability=\"42\">\n<p>Mauvaise nouvelle pour la s\u00e9lection tunisienne. Les deux cadres et habituels titulaire de l&rsquo;\u00e9quipe Ferjani Sassi et le milieu offensif Youssef Msakni ont d\u00e9clar\u00e9 forfait pour la suite du rassemblement et ils manqueront donc les deux matchs amicaux contre l\u2019Alg\u00e9rie vendredi et le Mali le 15 juin.<\/p>\n<p>\u00ab\u00a0Ce lundi matin 7 juin 2021, les joueurs Ferjani Sassi et Youssef Msakni ont effectu\u00e9 des tests apr\u00e8s avoir ressenti quelques douleurs apr\u00e8s le match face \u00e0 la RD Congo. Les r\u00e9sultats ont montr\u00e9 que les joueurs devaient \u00eatre soumis \u00e0 un repos de 10 jours. Ils seront donc absents lors des deux matchs amicaux face \u00e0 l\u2019Alg\u00e9rie et au Mali\u00a0\u00bb, a \u00e9crit la F\u00e9d\u00e9ration tunisienne (FTF) dans un communiqu\u00e9 comme ralay\u00e9 par Afrik-foot.<\/p>\n<p><strong>Publi\u00e9 dans :<\/strong> <span>tunisie<\/span><\/p>\n<\/div>\n<p>Auteur:<br \/>\n<a href=\"http:\/\/www.lebuteur.com\/article\/detail?titre=tunisie-deux-absents-de-taille-pour-le-match-face-a-lalgerie&#038;id=100321&#038;utm_source=feedburner&#038;utm_medium=feed&#038;utm_campaign=Feed%3A+GalerieFArtciles+%28Les+derniers+articles++-+lebuteur.com%29\">Cliquez ici pour lire l&rsquo;article depuis sa source.<\/a><\/p>\n","protected":false},"excerpt":{"rendered":"<p>Auteur : mercredi 09 juin 2021 11:04 Mauvaise nouvelle pour la s\u00e9lection tunisienne. Les deux cadres et habituels titulaire de l&rsquo;\u00e9quipe Ferjani Sassi et le milieu offensif Youssef Msakni ont d\u00e9clar\u00e9 forfait pour la suite du rassemblement et ils manqueront donc les deux matchs amicaux contre l\u2019Alg\u00e9rie vendredi et le Mali le 15 juin. \u00ab\u00a0Ce [&hellip;]<\/p>\n","protected":false},"author":1738,"featured_media":0,"comment_status":"closed","ping_status":"closed","sticky":false,"template":"","format":"standard","meta":{"fifu_image_url":"\/\/cdn.lebuteur.com\/data\/images\/article\/thumbs\/large-tunisie-deux-absents-de-taille-pour-le-match-face-a-lalgerie-a5c29.jpg","fifu_image_alt":"Equipe d'Alg\u00e9rie : Tunisie : Deux absents de taille pour le match face \u00e0 l'Alg\u00e9rie","footnotes":""},"categories":[53,75],"tags":[],"class_list":["post-118280","post","type-post","status-publish","format-standard","hentry","category-algerie","category-sport"],"_links":{"self":[{"href":"https:\/\/linitiative.ca\/International\/wp-json\/wp\/v2\/posts\/118280","targetHints":{"allow":["GET"]}}],"collection":[{"href":"https:\/\/linitiative.ca\/International\/wp-json\/wp\/v2\/posts"}],"about":[{"href":"https:\/\/linitiative.ca\/International\/wp-json\/wp\/v2\/types\/post"}],"author":[{"embeddable":true,"href":"https:\/\/linitiative.ca\/International\/wp-json\/wp\/v2\/users\/1738"}],"replies":[{"embeddable":true,"href":"https:\/\/linitiative.ca\/International\/wp-json\/wp\/v2\/comments?post=118280"}],"version-history":[{"count":0,"href":"https:\/\/linitiative.ca\/International\/wp-json\/wp\/v2\/posts\/118280\/revisions"}],"wp:attachment":[{"href":"https:\/\/linitiative.ca\/International\/wp-json\/wp\/v2\/media?parent=118280"}],"wp:term":[{"taxonomy":"category","embeddable":true,"href":"https:\/\/linitiative.ca\/International\/wp-json\/wp\/v2\/categories?post=118280"},{"taxonomy":"post_tag","embeddable":true,"href":"https:\/\/linitiative.ca\/International\/wp-json\/wp\/v2\/tags?post=118280"}],"curies":[{"name":"wp","href":"https:\/\/api.w.org\/{rel}","templated":true}]}}