{"id":118281,"date":"2021-06-09T15:11:01","date_gmt":"2021-06-09T19:11:01","guid":{"rendered":"https:\/\/linitiative.ca\/International\/equipe-dalgerie-les-precisions-de-la-faf-concernant-la-possibilite-dorganiser-la-can-a-la-place-du-cameroun\/"},"modified":"2021-06-09T15:11:01","modified_gmt":"2021-06-09T19:11:01","slug":"equipe-dalgerie-les-precisions-de-la-faf-concernant-la-possibilite-dorganiser-la-can-a-la-place-du-cameroun","status":"publish","type":"post","link":"https:\/\/linitiative.ca\/International\/equipe-dalgerie-les-precisions-de-la-faf-concernant-la-possibilite-dorganiser-la-can-a-la-place-du-cameroun\/","title":{"rendered":"Equipe d&rsquo;Alg\u00e9rie : Les pr\u00e9cisions de la FAF concernant la possibilit\u00e9 d&rsquo;organiser la CAN \u00e0 la place du Cameroun"},"content":{"rendered":"<div readability=\"32\">\n<p>Auteur : <span class=\"time\">mercredi 09 juin 2021 12:07<\/span><\/p>\n<\/div>\n<div id=\"post_core\" readability=\"52\">\n<p>En marge de l\u2019AGE du Comit\u00e9 olympique et sportif alg\u00e9rien, le pr\u00e9sident de la FAF Charaf Eddine Amara a \u00e9voqu\u00e9 la possibilit\u00e9 d\u2019organiser la prochaine Coupe d\u2019Afrique des Nations en Alg\u00e9rie en cas de retrait du Cameroun. Ce mercredi, la FAF a tenu a apporter les pr\u00e9cisions n\u00e9cessaires \u00e0 ce sujet \u00e0 travers un communiqu\u00e9 partag\u00e9 sur le site officiel de la f\u00e9d\u00e9ration :<\/p>\n<p><em>\u00ab\u00a0Le Pr\u00e9sident de la F\u00e9d\u00e9ration alg\u00e9rienne de football (FAF), M. Amara CHARAF-EDDINE, tient \u00e0 apporter des pr\u00e9cisions au sujet des d\u00e9clarations qu\u2019il a tenues ce mardi 8 juin 2021 en marge de l\u2019AGE du COA relatives \u00e0 la CAN TOTAL Cameroun 2021 et qui ont \u00e9t\u00e9 sorties de leur contexte.<\/em><\/p>\n<p><em>En effet, le Pr\u00e9sident de la FAF n\u2019a \u00e0 aucun moment d\u00e9clar\u00e9 que l\u2019Alg\u00e9rie allait remplacer le Cameroun en cas de retrait de ce pays pour organiser cette comp\u00e9tition \u00e0 l\u2019\u00e9ch\u00e9ance retenue.<\/em><\/p>\n<p><em>L\u2019organisation d\u2019une Coupe d\u2019Afrique des nations se fera en concertation avec les pouvoirs publics qui auront \u00e0 prendre une telle d\u00e9cision lorsque toutes les conditions seront r\u00e9unies pour accueillir et r\u00e9ussir une \u00e9preuve d\u2019une grande envergure.\u00a0\u00bb<\/em><\/p>\n<p><strong>Publi\u00e9 dans :<\/strong> <span>faf<\/span><\/p>\n<\/div>\n<p>Auteur:<br \/>\n<a href=\"http:\/\/www.lebuteur.com\/article\/detail?titre=les-precisions-de-la-faf-concernant-la-possibilite-dorganiser-la-can-a-la-place-du-cameroun&#038;id=100322&#038;utm_source=feedburner&#038;utm_medium=feed&#038;utm_campaign=Feed%3A+GalerieFArtciles+%28Les+derniers+articles++-+lebuteur.com%29\">Cliquez ici pour lire l&rsquo;article depuis sa source.<\/a><\/p>\n","protected":false},"excerpt":{"rendered":"<p>Auteur : mercredi 09 juin 2021 12:07 En marge de l\u2019AGE du Comit\u00e9 olympique et sportif alg\u00e9rien, le pr\u00e9sident de la FAF Charaf Eddine Amara a \u00e9voqu\u00e9 la possibilit\u00e9 d\u2019organiser la prochaine Coupe d\u2019Afrique des Nations en Alg\u00e9rie en cas de retrait du Cameroun. Ce mercredi, la FAF a tenu a apporter les pr\u00e9cisions n\u00e9cessaires [&hellip;]<\/p>\n","protected":false},"author":1738,"featured_media":0,"comment_status":"closed","ping_status":"closed","sticky":false,"template":"","format":"standard","meta":{"fifu_image_url":"\/\/cdn.lebuteur.com\/data\/images\/article\/thumbs\/large-les-precisions-de-la-faf-concernant-la-possibilite-dorganiser-la-can-a-la-place-du-cameroun-d9d66.jpg","fifu_image_alt":"Equipe d'Alg\u00e9rie : Les pr\u00e9cisions de la FAF concernant la possibilit\u00e9 d'organiser la CAN \u00e0 la place du Cameroun","footnotes":""},"categories":[53,75],"tags":[],"class_list":["post-118281","post","type-post","status-publish","format-standard","hentry","category-algerie","category-sport"],"_links":{"self":[{"href":"https:\/\/linitiative.ca\/International\/wp-json\/wp\/v2\/posts\/118281","targetHints":{"allow":["GET"]}}],"collection":[{"href":"https:\/\/linitiative.ca\/International\/wp-json\/wp\/v2\/posts"}],"about":[{"href":"https:\/\/linitiative.ca\/International\/wp-json\/wp\/v2\/types\/post"}],"author":[{"embeddable":true,"href":"https:\/\/linitiative.ca\/International\/wp-json\/wp\/v2\/users\/1738"}],"replies":[{"embeddable":true,"href":"https:\/\/linitiative.ca\/International\/wp-json\/wp\/v2\/comments?post=118281"}],"version-history":[{"count":0,"href":"https:\/\/linitiative.ca\/International\/wp-json\/wp\/v2\/posts\/118281\/revisions"}],"wp:attachment":[{"href":"https:\/\/linitiative.ca\/International\/wp-json\/wp\/v2\/media?parent=118281"}],"wp:term":[{"taxonomy":"category","embeddable":true,"href":"https:\/\/linitiative.ca\/International\/wp-json\/wp\/v2\/categories?post=118281"},{"taxonomy":"post_tag","embeddable":true,"href":"https:\/\/linitiative.ca\/International\/wp-json\/wp\/v2\/tags?post=118281"}],"curies":[{"name":"wp","href":"https:\/\/api.w.org\/{rel}","templated":true}]}}