{"id":118282,"date":"2021-06-09T15:11:03","date_gmt":"2021-06-09T19:11:03","guid":{"rendered":"https:\/\/linitiative.ca\/International\/international-quand-mourinho-evoque-ses-25-trophees-et-demi\/"},"modified":"2021-06-09T15:11:03","modified_gmt":"2021-06-09T19:11:03","slug":"international-quand-mourinho-evoque-ses-25-trophees-et-demi","status":"publish","type":"post","link":"https:\/\/linitiative.ca\/International\/international-quand-mourinho-evoque-ses-25-trophees-et-demi\/","title":{"rendered":"International : Quand Mourinho \u00e9voque ses 25 troph\u00e9es et&#8230; demi !"},"content":{"rendered":"<div readability=\"32\">\n<p>Auteur : <span class=\"time\">mercredi 09 juin 2021 12:29<\/span><\/p>\n<\/div>\n<div id=\"post_core\" readability=\"53\">\n<p>En effet, Jos\u00e9 Mourinho a emmen\u00e9 les Spurs en finale de la Coupe de la Ligue en 2020-21, mais a \u00e9t\u00e9 licenci\u00e9 six jours avant le match au milieu d&rsquo;une mauvaise s\u00e9rie de r\u00e9sultats\u00a0en Premier League, et ils ont ensuite perdu la finale de Carabao Cup \u00e0\u00a0Wembley 1-0 contre Manchester City sous la direction de l&rsquo;entra\u00eeneur\u00a0par int\u00e9rim,\u00a0Ryan Mason.\u00a0Dans une interview accord\u00e9e \u00e0 The\u00a0Sun, Jos\u00e9 Mourinho a d\u00e9clar\u00e9: \u00ab\u00a0Donc, si vous voulez que je sois proactif maintenant, vous pouvez me demander: \u00ab\u00a0Combien de troph\u00e9es avez-vous remport\u00e9\u00a0dans votre carri\u00e8re ?\u00a0\u00bb\u00a0<\/p>\n<p>\u00ab\u00a0Je vais vous dire 25 ans et demi. Le demi\u00a0est la finale que je n&rsquo;ai pas jou\u00e9\u00a0avec Tottenham.\u00a0Vous demandez aux gars qui ont jou\u00e9 beaucoup de finales et tout le monde vous dira : \u00ab\u00a0jouer une finale est un r\u00eave\u00a0\u00bb\u00a0et peu importe que ce soit la premi\u00e8re finale ou la\u00a0num\u00e9ro 20 ou la\u00a0num\u00e9ro 50, une finale est toujours un r\u00eave.\u00a0Une finale \u00e0 Wembley, c&rsquo;est plus qu&rsquo;un r\u00eave, j&rsquo;ai jou\u00e9 le premier sur le nouveau Wembley et \u00e0 chaque fois que j&rsquo;y vais, c&rsquo;est plus qu&rsquo;un r\u00eave et avoir une chance de gagner un troph\u00e9e avec un club qui n&rsquo;en a pas beaucoup bien s\u00fbr, c&rsquo;\u00e9tait un double r\u00eave\u00a0\u00bb, a ajout\u00e9 le Portugais comme le rapporte Goal.<\/p>\n<p><strong>Publi\u00e9 dans :<\/strong> <span>mourinho<\/span><\/p>\n<\/div>\n<p>Auteur:<br \/>\n<a href=\"http:\/\/www.lebuteur.com\/article\/detail?titre=quand-mourinho-evoque-ses-25-trophees-et-demi&#038;id=100323&#038;utm_source=feedburner&#038;utm_medium=feed&#038;utm_campaign=Feed%3A+GalerieFArtciles+%28Les+derniers+articles++-+lebuteur.com%29\">Cliquez ici pour lire l&rsquo;article depuis sa source.<\/a><\/p>\n","protected":false},"excerpt":{"rendered":"<p>Auteur : mercredi 09 juin 2021 12:29 En effet, Jos\u00e9 Mourinho a emmen\u00e9 les Spurs en finale de la Coupe de la Ligue en 2020-21, mais a \u00e9t\u00e9 licenci\u00e9 six jours avant le match au milieu d&rsquo;une mauvaise s\u00e9rie de r\u00e9sultats\u00a0en Premier League, et ils ont ensuite perdu la finale de Carabao Cup \u00e0\u00a0Wembley 1-0 [&hellip;]<\/p>\n","protected":false},"author":1738,"featured_media":0,"comment_status":"closed","ping_status":"closed","sticky":false,"template":"","format":"standard","meta":{"fifu_image_url":"\/\/cdn.lebuteur.com\/data\/images\/article\/thumbs\/large-quand-mourinho-evoque-ses-25-trophees-et-demi-9cdce.jpg","fifu_image_alt":"International : Quand Mourinho \u00e9voque ses 25 troph\u00e9es et... demi !","footnotes":""},"categories":[53,75],"tags":[],"class_list":["post-118282","post","type-post","status-publish","format-standard","hentry","category-algerie","category-sport"],"_links":{"self":[{"href":"https:\/\/linitiative.ca\/International\/wp-json\/wp\/v2\/posts\/118282","targetHints":{"allow":["GET"]}}],"collection":[{"href":"https:\/\/linitiative.ca\/International\/wp-json\/wp\/v2\/posts"}],"about":[{"href":"https:\/\/linitiative.ca\/International\/wp-json\/wp\/v2\/types\/post"}],"author":[{"embeddable":true,"href":"https:\/\/linitiative.ca\/International\/wp-json\/wp\/v2\/users\/1738"}],"replies":[{"embeddable":true,"href":"https:\/\/linitiative.ca\/International\/wp-json\/wp\/v2\/comments?post=118282"}],"version-history":[{"count":0,"href":"https:\/\/linitiative.ca\/International\/wp-json\/wp\/v2\/posts\/118282\/revisions"}],"wp:attachment":[{"href":"https:\/\/linitiative.ca\/International\/wp-json\/wp\/v2\/media?parent=118282"}],"wp:term":[{"taxonomy":"category","embeddable":true,"href":"https:\/\/linitiative.ca\/International\/wp-json\/wp\/v2\/categories?post=118282"},{"taxonomy":"post_tag","embeddable":true,"href":"https:\/\/linitiative.ca\/International\/wp-json\/wp\/v2\/tags?post=118282"}],"curies":[{"name":"wp","href":"https:\/\/api.w.org\/{rel}","templated":true}]}}