{"id":118288,"date":"2021-06-09T10:55:31","date_gmt":"2021-06-09T14:55:31","guid":{"rendered":"https:\/\/linitiative.ca\/International\/cnss-le-conseil-dadministration-tient-une-session-extraordinaire\/"},"modified":"2021-06-09T10:55:31","modified_gmt":"2021-06-09T14:55:31","slug":"cnss-le-conseil-dadministration-tient-une-session-extraordinaire","status":"publish","type":"post","link":"https:\/\/linitiative.ca\/International\/cnss-le-conseil-dadministration-tient-une-session-extraordinaire\/","title":{"rendered":"CNSS : le conseil d\u2019administration tient une session extraordinaire"},"content":{"rendered":"<p><strong>La Caisse nationale de la S\u00e9curit\u00e9 sociale (CNSS) a tenu, mercredi 9 juin \u00e0 Casablanca, une session extraordinaire de son conseil d\u2019administration.<\/strong><\/p>\n<div class=\"c10\">\n<\/div>\n<p>Au menu\u00a0: le r\u00e9gime g\u00e9n\u00e9ral de la s\u00e9curit\u00e9 sociale, notamment l\u2019\u00e9lection des deux vice-pr\u00e9sidents du Conseil. Dans son discours d\u2019ouverture de cette session, Mohamed Amkraz, ministre du Travail et de l\u2019Insertion professionnelle, a rappel\u00e9 que le gouvernement a pu concr\u00e9tiser un ensemble de mesures prises par le Comit\u00e9 de veille \u00e9conomique pour att\u00e9nuer l\u2019impact de la pand\u00e9mie du Covid-19 et r\u00e9duire ses r\u00e9percussions \u00e9conomiques et sociales n\u00e9gatives sur notre pays. Sur cette base, son d\u00e9partement a mis en place des textes l\u00e9gislatifs et r\u00e9glementaires relatifs \u00e0 la promulgation de mesures exceptionnelles au profit de certains adh\u00e9rents affili\u00e9s \u00e0 la Caisse Nationale de S\u00e9curit\u00e9 Sociale, certaines cat\u00e9gories de travailleurs ind\u00e9pendants et les non-salari\u00e9es d\u00e9clar\u00e9s \u00e0 la Caisse affect\u00e9s par la pand\u00e9mie. \u00a0<\/p>\n<p><strong>Lire aussi | <a href=\"https:\/\/www.challenge.ma\/coronavirus-les-autorites-sanitaires-americaines-considerent-le-maroc-comme-pays-a-faible-risque-tout-en-adoptant-sa-carte-complete-187689\/\" target=\"_blank\" rel=\"noreferrer noopener\">Coronavirus : les autorit\u00e9s sanitaires am\u00e9ricaines consid\u00e8rent le Maroc comme pays \u00e0 faible risque tout en adoptant sa carte compl\u00e8te<\/a><\/strong><\/p>\n<p>Au total, le nombre des textes s\u2019\u00e9l\u00e8ve \u00e0 vingt. Ils ont permis d\u2019octroyer des indemnisations aux travailleurs inscrits \u00e0 la Caisse nationale de s\u00e9curit\u00e9 sociale de l\u2019ordre de 6,2 milliards de DH et des indemnisations aux travailleurs du secteur informel, qui sont au nombre de 5,5 millions de b\u00e9n\u00e9ficiaires, d\u2019un montant total sup\u00e9rieur \u00e0 16 milliards de DH, en plus de l\u2019extension du soutien apport\u00e9 par le gouvernement aux secteurs touch\u00e9s par la crise et \u00e0 leurs salari\u00e9s dans le cadre des contrats-programmes (tourisme, \u00e9v\u00e9nementiel, divertissement, cr\u00e8ches, industries culturelles et cr\u00e9atives, salles de sport, restauration..), au cours de la p\u00e9riode comprise entre juillet 2020 et juin 2021.<\/p>\n<p><strong>Lire aussi | <a href=\"https:\/\/www.challenge.ma\/maroc-toutes-les-compagnies-aeriennes-concernees-par-la-reprise-des-vols-187670\/\" target=\"_blank\" rel=\"noreferrer noopener\">Maroc : toutes les compagnies a\u00e9riennes concern\u00e9es par la reprise des vols<\/a><\/strong><\/p>\n<p>A noter que la tenue de ce conseil co\u00efncide avec la g\u00e9n\u00e9ralisation de la protection sociale, lanc\u00e9e par S.M. le Roi Mohammed VI, visant \u00e0 la pr\u00e9servation de la dignit\u00e9 des Marocains, le soutien de leur pouvoir d\u2019achat et l\u2019int\u00e9gration du secteur informel.<\/p>\n<p>Auteur: challenge<br \/>\n<a href=\"https:\/\/www.challenge.ma\/cnss-le-conseil-dadministration-tient-une-session-extraordinaire-187705\/\">Cliquez ici pour lire l&rsquo;article depuis sa source.<\/a><\/p>\n","protected":false},"excerpt":{"rendered":"<p>La Caisse nationale de la S\u00e9curit\u00e9 sociale (CNSS) a tenu, mercredi 9 juin \u00e0 Casablanca, une session extraordinaire de son conseil d\u2019administration. Au menu\u00a0: le r\u00e9gime g\u00e9n\u00e9ral de la s\u00e9curit\u00e9 sociale, notamment l\u2019\u00e9lection des deux vice-pr\u00e9sidents du Conseil. Dans son discours d\u2019ouverture de cette session, Mohamed Amkraz, ministre du Travail et de l\u2019Insertion professionnelle, a [&hellip;]<\/p>\n","protected":false},"author":1787,"featured_media":0,"comment_status":"closed","ping_status":"closed","sticky":false,"template":"","format":"standard","meta":{"fifu_image_url":"","fifu_image_alt":"","footnotes":""},"categories":[78,54],"tags":[],"class_list":["post-118288","post","type-post","status-publish","format-standard","hentry","category-economie","category-maroc"],"_links":{"self":[{"href":"https:\/\/linitiative.ca\/International\/wp-json\/wp\/v2\/posts\/118288","targetHints":{"allow":["GET"]}}],"collection":[{"href":"https:\/\/linitiative.ca\/International\/wp-json\/wp\/v2\/posts"}],"about":[{"href":"https:\/\/linitiative.ca\/International\/wp-json\/wp\/v2\/types\/post"}],"author":[{"embeddable":true,"href":"https:\/\/linitiative.ca\/International\/wp-json\/wp\/v2\/users\/1787"}],"replies":[{"embeddable":true,"href":"https:\/\/linitiative.ca\/International\/wp-json\/wp\/v2\/comments?post=118288"}],"version-history":[{"count":0,"href":"https:\/\/linitiative.ca\/International\/wp-json\/wp\/v2\/posts\/118288\/revisions"}],"wp:attachment":[{"href":"https:\/\/linitiative.ca\/International\/wp-json\/wp\/v2\/media?parent=118288"}],"wp:term":[{"taxonomy":"category","embeddable":true,"href":"https:\/\/linitiative.ca\/International\/wp-json\/wp\/v2\/categories?post=118288"},{"taxonomy":"post_tag","embeddable":true,"href":"https:\/\/linitiative.ca\/International\/wp-json\/wp\/v2\/tags?post=118288"}],"curies":[{"name":"wp","href":"https:\/\/api.w.org\/{rel}","templated":true}]}}