{"id":118290,"date":"2021-06-09T12:36:59","date_gmt":"2021-06-09T16:36:59","guid":{"rendered":"https:\/\/linitiative.ca\/International\/volkswagen-t-roc-desormais-disponible-dans-les-concessions\/"},"modified":"2021-06-09T12:36:59","modified_gmt":"2021-06-09T16:36:59","slug":"volkswagen-t-roc-desormais-disponible-dans-les-concessions","status":"publish","type":"post","link":"https:\/\/linitiative.ca\/International\/volkswagen-t-roc-desormais-disponible-dans-les-concessions\/","title":{"rendered":"Volkswagen T-Roc : d\u00e9sormais disponible dans les concessions"},"content":{"rendered":"<p><strong>Le Volkswagen T-Roc vient fra\u00eechement de d\u00e9buter sa commercialisation dans le Royaume. Il capitalise notamment sur sa silhouette branch\u00e9e, sur sa dotation en \u00e9quipements de confort et de s\u00e9curit\u00e9 bien fournie, mais aussi sur son volet m\u00e9canique de belle facture pour s\u00e9duire la client\u00e8le. L\u2019objectif avou\u00e9 pour l\u2019importateur de la marque consistant \u00e0 faire de l\u2019engin l\u2019un des leaders de son segment.<\/strong><\/p>\n<div class=\"c10\">\n<\/div>\n<p>Une kyrielle de nouveaut\u00e9s venant agr\u00e9menter l\u2019ensemble des showrooms de la marque dans le Royaume au rang desquels les nouveaux Tiguan, Caddy 5 et la Golf 8, c\u2019est ce \u00e0 quoi doit s\u2019attendre la client\u00e8le de Volkswagen notamment \u00e0 partir du 2<sup>\u00e8me<\/sup> semestre prochain. En pr\u00e9ambule, c\u2019est le T-Roc qui vient d\u2019ouvrir les festivit\u00e9s en la mati\u00e8re. Un crossover urbain qui avait d\u00e9j\u00e0 fait parler de lui en mars dernier, date \u00e0 laquelle Volkswagen Maroc l\u2019avait d\u00e9voil\u00e9 virtuellement \u00e0 la presse nationale.<\/p>\n<p><strong>Lire aussi |<\/strong> <a href=\"https:\/\/www.challenge.ma\/cnss-le-conseil-dadministration-tient-une-session-extraordinaire-187705\/\"><strong>CNSS : le conseil d\u2019administration tient une session extraordinaire<\/strong><\/a><\/p>\n<p>Par ailleurs, le carnet des pr\u00e9-commandes avait \u00e9t\u00e9 ouvert dans la foul\u00e9e \u00e0 l\u2019attention de la client\u00e8le. Gr\u00e2ce au travail effectu\u00e9 par le staff de la marque, quelques 800 Marocains ont \u00e9t\u00e9 convaincus d\u2019opter pour le T-Roc. Et c\u2019est en grande pompe le 5 juin dernier qu\u2019ils ont pris possession de leur derni\u00e8re acquisition dans l\u2019ensemble des plateformes locales de la marque<\/p>\n<figure class=\"wp-block-image size-large\"><img decoding=\"async\" loading=\"lazy\" width=\"640\" height=\"569\" src=\"https:\/\/www.challenge.ma\/wp-content\/uploads\/2021\/06\/touhami-640-x-569-1.jpg\" alt=\"\" class=\"wp-image-187743\" srcset=\"https:\/\/www.challenge.ma\/wp-content\/uploads\/2021\/06\/touhami-640-x-569-1.jpg 640w, https:\/\/www.challenge.ma\/wp-content\/uploads\/2021\/06\/touhami-640-x-569-1-300x267.jpg 300w, https:\/\/www.challenge.ma\/wp-content\/uploads\/2021\/06\/touhami-640-x-569-1-360x320.jpg 360w\" sizes=\"auto, (max-width: 640px) 100vw, 640px\"\/><figcaption><em>Victor Elbaz, Pdg de la Centrale Automobile Ch\u00e9rifienne et Youssef Touhami, Directeur de Volkswagen Maroc.<\/em><\/figcaption><\/figure>\n<p>Un SUV urbain premium qui mise \u00e0 la fois sur sa silhouette banch\u00e9e et sur sa carrosserie bicolore aux teintes originales. Malgr\u00e9 son format compact, il sait se faire accueillant pour cinq personnes et dispose d\u2019un volume de coffre de 445 litres, l\u2019un des plus logeables de sa cat\u00e9gorie. La pr\u00e9sentation int\u00e9rieure joue la carte de la modernit\u00e9 en termes de pr\u00e9sentation. Il va sans dire que l\u2019assemblage et la qualit\u00e9 de finition des mat\u00e9riaux sont particuli\u00e8rement bien soign\u00e9s, comme de coutume chez Volkswagen. \u00c0 noter que l\u2019engin affiche d\u2019excellentes performances en termes de connectivit\u00e9 sans oublier une belle palette d\u2019\u00e9quipements de confort et de s\u00e9curit\u00e9 d\u00e8s la finition d\u2019entr\u00e9e de gamme.<\/p>\n<p><strong>Lire aussi |<\/strong> <a href=\"https:\/\/www.challenge.ma\/maroc-toutes-les-compagnies-aeriennes-concernees-par-la-reprise-des-vols-187670\/\"><strong>Maroc : toutes les compagnies a\u00e9riennes concern\u00e9es par la reprise des vols<\/strong><\/a><\/p>\n<figure class=\"wp-block-image size-large\"><img decoding=\"async\" loading=\"lazy\" width=\"640\" height=\"379\" src=\"https:\/\/www.challenge.ma\/wp-content\/uploads\/2021\/06\/Berthod-lll-640-x-379.jpg\" alt=\"\" class=\"wp-image-187744\" srcset=\"https:\/\/www.challenge.ma\/wp-content\/uploads\/2021\/06\/Berthod-lll-640-x-379.jpg 640w, https:\/\/www.challenge.ma\/wp-content\/uploads\/2021\/06\/Berthod-lll-640-x-379-300x178.jpg 300w, https:\/\/www.challenge.ma\/wp-content\/uploads\/2021\/06\/Berthod-lll-640-x-379-360x213.jpg 360w\" sizes=\"auto, (max-width: 640px) 100vw, 640px\"\/><figcaption><em>Julia Elbaz Berthod, Directrice Marketing de Volkswagen Maroc.<\/em><\/figcaption><\/figure>\n<p>Justement quatre finitions sont propos\u00e9es\u00a0: Confort, Design, Sport et X\u2019Tr\u00eame. Dans le d\u00e9tail, on retrouve \u00e0 partir de la version Sport un \u00e9cran tactile 8 pouces, le toit ouvrant panoramique et la teinte bicolore. Sur l\u2019X\u2019tr\u00eame, en plus des si\u00e8ges en cuir, le conducteur appr\u00e9ciera le \u00abDigital Cockpit Pro\u00bb qui lui permet de disposer d\u2019un pav\u00e9 num\u00e9rique derri\u00e8re le volant et de visualiser la navigation GPS, en plus des informations de conduite. \u00abL\u2019App-Connect\u00bb est quant \u00e0 lui disponible d\u00e8s la version Design et permet l\u2019affichage des applications depuis son smartphone directement sur l\u2019\u00e9cran. Sous le capot de l\u2019engin, on retrouve un 2.0 litres TDI de 143 chevaux, anim\u00e9 par une bo\u00eete de vitesses automatique DSG \u00e0 8 rapports. Le tarif d\u2019attaque du Volkswagen T-Roc d\u00e9bute \u00e0 259\u00a0000 DH.<\/p>\n<p>Auteur: David J\u00e9r\u00e9mie<br \/>\n<a href=\"https:\/\/www.challenge.ma\/volkswagen-t-roc-desormais-disponible-dans-les-concessions-187732\/\">Cliquez ici pour lire l&rsquo;article depuis sa source.<\/a><\/p>\n","protected":false},"excerpt":{"rendered":"<p>Le Volkswagen T-Roc vient fra\u00eechement de d\u00e9buter sa commercialisation dans le Royaume. Il capitalise notamment sur sa silhouette branch\u00e9e, sur sa dotation en \u00e9quipements de confort et de s\u00e9curit\u00e9 bien fournie, mais aussi sur son volet m\u00e9canique de belle facture pour s\u00e9duire la client\u00e8le. L\u2019objectif avou\u00e9 pour l\u2019importateur de la marque consistant \u00e0 faire de [&hellip;]<\/p>\n","protected":false},"author":1787,"featured_media":0,"comment_status":"closed","ping_status":"closed","sticky":false,"template":"","format":"standard","meta":{"fifu_image_url":"https:\/\/www.challenge.ma\/wp-content\/uploads\/2021\/06\/touhami-640-x-569-1.jpg","fifu_image_alt":"Volkswagen T-Roc : d\u00e9sormais disponible dans les concessions","footnotes":""},"categories":[78,54],"tags":[],"class_list":["post-118290","post","type-post","status-publish","format-standard","hentry","category-economie","category-maroc"],"_links":{"self":[{"href":"https:\/\/linitiative.ca\/International\/wp-json\/wp\/v2\/posts\/118290","targetHints":{"allow":["GET"]}}],"collection":[{"href":"https:\/\/linitiative.ca\/International\/wp-json\/wp\/v2\/posts"}],"about":[{"href":"https:\/\/linitiative.ca\/International\/wp-json\/wp\/v2\/types\/post"}],"author":[{"embeddable":true,"href":"https:\/\/linitiative.ca\/International\/wp-json\/wp\/v2\/users\/1787"}],"replies":[{"embeddable":true,"href":"https:\/\/linitiative.ca\/International\/wp-json\/wp\/v2\/comments?post=118290"}],"version-history":[{"count":0,"href":"https:\/\/linitiative.ca\/International\/wp-json\/wp\/v2\/posts\/118290\/revisions"}],"wp:attachment":[{"href":"https:\/\/linitiative.ca\/International\/wp-json\/wp\/v2\/media?parent=118290"}],"wp:term":[{"taxonomy":"category","embeddable":true,"href":"https:\/\/linitiative.ca\/International\/wp-json\/wp\/v2\/categories?post=118290"},{"taxonomy":"post_tag","embeddable":true,"href":"https:\/\/linitiative.ca\/International\/wp-json\/wp\/v2\/tags?post=118290"}],"curies":[{"name":"wp","href":"https:\/\/api.w.org\/{rel}","templated":true}]}}