{"id":118294,"date":"2021-06-09T16:17:09","date_gmt":"2021-06-09T20:17:09","guid":{"rendered":"https:\/\/linitiative.ca\/International\/linflation-erode-leconomie-tunisienne-2-3\/"},"modified":"2021-06-09T16:17:09","modified_gmt":"2021-06-09T20:17:09","slug":"linflation-erode-leconomie-tunisienne-2-3","status":"publish","type":"post","link":"https:\/\/linitiative.ca\/International\/linflation-erode-leconomie-tunisienne-2-3\/","title":{"rendered":"L\u2019inflation \u00e9rode l\u2019\u00e9conomie tunisienne (2\/3)"},"content":{"rendered":"<div class=\"post-cont-in left relative\">\n<div id=\"post-info-wrap\" class=\"left relative post-info-out\">\n<div class=\"post-info-img left relative\"><img decoding=\"async\" alt=\"\" src=\"https:\/\/secure.gravatar.com\/avatar\/b658f27b24160a89d557421a966e5ca1?s=50&amp;d=mm&amp;r=g\" srcset=\"https:\/\/secure.gravatar.com\/avatar\/b658f27b24160a89d557421a966e5ca1?s=100&amp;d=mm&amp;r=g 2x\" class=\"avatar avatar-50 photo\" height=\"50\" width=\"50\" loading=\"lazy\"\/><\/div>\n<div class=\"post-info-in post-info-right left relative post-info-name left relative\"><span><span class=\"post-info-text\">Par<\/span> <span class=\"author-name vcard fn author\"><a href=\"https:\/\/www.tunisienumerique.com\/author\/htb\/\" title=\"Articles par Mohamed Ben Abderrazek\" rel=\"author\">Mohamed Ben Abderrazek<\/a><\/span><\/span> <span class=\"post-date updated\"><time class=\"post-date updated\" datetime=\"2021-06-09\">\u00a0| Il y a 1 heure<\/time><\/span><br \/>\n<meta itemprop=\"dateModified\" content=\"2021-06-09\"\/><\/div>\n<\/div>\n<div class=\"code-block code-block-1 c4\">\n <ins class=\"adsbygoogle c3\" data-ad-layout=\"in-article\" data-ad-format=\"fluid\" data-ad-client=\"ca-pub-2102118777505746\" data-ad-slot=\"7301775417\"\/>\n<\/div>\n<p>D\u00e8s 2016, date de l\u2019instauration de la loi de l\u2019ind\u00e9pendance de la Banque Centrale de Tunisie (BCT), cette derni\u00e8re n\u2019a cess\u00e9 d\u2019affirmer que sa mission principale est la lutte contre l\u2019inflation. Le r\u00e9sultat est connu puisque la Tunisie a v\u00e9cu depuis, des vagues s\u00e9v\u00e8res et intenses de hausses des prix qui ont d\u00e9truit aussi bien la consommation, l\u2019\u00e9pargne et l\u2019emploi et en cons\u00e9quence le pouvoir d\u2019achat de la population ce qui a creus\u00e9 spectaculairement le foss\u00e9 des in\u00e9galit\u00e9s sociales.<\/p>\n<p>La BCT n\u2019a pas pu rem\u00e9dier aux probl\u00e8mes qui se sont aggrav\u00e9s au niveau de l\u2019ass\u00e8chement en liquidit\u00e9 du secteur bancaire, la sous-capitalisation des banques, l\u2019accumulation de cr\u00e9ances douteuses et la hausse des taux d\u2019int\u00e9r\u00eats comme principale cause attisant la spirale inflationniste. Cette situation illustre la fragilit\u00e9 du syst\u00e8me mon\u00e9taire et bancaire, principale outil de cr\u00e9ation mon\u00e9taire, \u00e0 travers l\u2019octroi des cr\u00e9dits et dont la r\u00e9forme tarde \u00e0 venir.<\/p>\n<p>Par ailleurs, la BCT n\u2019a pas r\u00e9ussi \u00e0 lisser la volatilit\u00e9 du dinar en utilisant ses r\u00e9serves de change. Or, pour une meilleure gestion des devises, il revient \u00e0 la BCT de travailler en \u00e9troite collaboration avec les minist\u00e8res du Commerce et des Finances pour demander aux institutions internationales d\u2019activer les clauses de sauvegarde qui permettent \u00e0 la Tunisie d\u2019imposer des restrictions temporaires sur le commerce ext\u00e9rieur quand le pays souffre de probl\u00e8mes de balance des paiements.<\/p>\n<p>La politique mon\u00e9taire a \u00e9touff\u00e9 la production nationale et a favoris\u00e9 le recours aussi bien aux importations qu\u2019aux exportations anarchiques au d\u00e9triment des \u00e9quilibres socio-\u00e9conomiques.<\/p>\n<p>Fin de course, la politique mon\u00e9taire n\u2019a jamais permis de r\u00e9duire l\u2019inflation, au contraire, elle \u00e9tait sa source principale \u00e0 travers l\u2019\u00e9chec de la maitrise des taux d\u2019int\u00e9r\u00eat et de change.<\/p>\n<p>Dans un pays comme la Tunisie, gangr\u00e9n\u00e9 par l\u2019\u00e9conomie souterraine, la solution passe par l\u2019application d\u2019une politique fiscale efficiente et la mise en \u0153uvre d\u2019une politique budg\u00e9taire bas\u00e9e sur la diminution des d\u00e9penses publiques.<\/p>\n<div class=\"swp_social_panel swp_horizontal_panel swp_flat_fresh swp_default_full_color swp_individual_full_color swp_other_full_color scale-100 scale-\" data-min-width=\"1100\" data-float-color=\"#ffffff\" data-float=\"bottom\" data-float-mobile=\"bottom\" data-transition=\"slide\">\n<div class=\"nc_tweetContainer swp_share_button total_shares total_sharesalt\"><span class=\"swp_count\">0 <span class=\"swp_label\">Partages<\/span><\/span><\/div>\n<\/div>\n<p><strong>Que se passe-t-il en Tunisie?<\/strong><br \/>Nous expliquons sur notre <a href=\"https:\/\/www.youtube.com\/channel\/UCRzypVq0B_yBad5eGrwBx0Q?sub_confirmation=1\" target=\"_blank\" rel=\"noopener\">cha\u00eene YouTube<\/a> . <a href=\"https:\/\/www.youtube.com\/channel\/UCRzypVq0B_yBad5eGrwBx0Q?sub_confirmation=1\" target=\"_blank\" rel=\"noopener\">Abonnez-vous!<\/a><\/p>\n<div class=\"mvp-org-wrap\" itemprop=\"publisher\">\n<div class=\"mvp-org-logo\" itemprop=\"logo\"><img decoding=\"async\" src=\"https:\/\/www.tunisienumerique.com\/wp-content\/uploads\/2017\/02\/logo_tunisie_numerique.png\"\/><br \/>\n<meta itemprop=\"url\" content=\"https:\/\/www.tunisienumerique.com\/wp-content\/uploads\/2017\/02\/logo_tunisie_numerique.png\"\/><\/div>\n<p><meta content=\"Tunisie\"\/><\/div>\n<div class=\"post-tags\"><span class=\"post-tags-header\">Sujets Connexes:<\/span><\/div>\n<div id=\"article-ad\">\n <ins class=\"adsbygoogle c5\" data-ad-client=\"ca-pub-2102118777505746\" data-ad-slot=\"6513972734\" data-ad-format=\"auto\" data-full-width-responsive=\"true\"\/>\n<\/div>\n<\/div>\n<div id=\"post-sidebar-wrap\">\n <ins class=\"adsbygoogle c5\" data-ad-client=\"ca-pub-2102118777505746\" data-ad-slot=\"6168283410\" data-ad-format=\"auto\" data-full-width-responsive=\"true\"\/>\n<\/div>\n<p>Auteur: Mohamed Ben Abderrazek<br \/>\n<a href=\"https:\/\/www.tunisienumerique.com\/linflation-erode-leconomie-tunisienne-2-3\/\">Cliquez ici pour lire l&rsquo;article depuis sa source.<\/a><\/p>\n","protected":false},"excerpt":{"rendered":"<p>Par Mohamed Ben Abderrazek \u00a0| Il y a 1 heure D\u00e8s 2016, date de l\u2019instauration de la loi de l\u2019ind\u00e9pendance de la Banque Centrale de Tunisie (BCT), cette derni\u00e8re n\u2019a cess\u00e9 d\u2019affirmer que sa mission principale est la lutte contre l\u2019inflation. Le r\u00e9sultat est connu puisque la Tunisie a v\u00e9cu depuis, des vagues s\u00e9v\u00e8res et [&hellip;]<\/p>\n","protected":false},"author":1789,"featured_media":0,"comment_status":"closed","ping_status":"closed","sticky":false,"template":"","format":"standard","meta":{"fifu_image_url":"https:\/\/secure.gravatar.com\/avatar\/b658f27b24160a89d557421a966e5ca1?s=50&d=mm&r=g","fifu_image_alt":"L\u2019inflation \u00e9rode l\u2019\u00e9conomie tunisienne (2\/3)","footnotes":""},"categories":[73,55],"tags":[],"class_list":["post-118294","post","type-post","status-publish","format-standard","hentry","category-actualite","category-tunisie"],"_links":{"self":[{"href":"https:\/\/linitiative.ca\/International\/wp-json\/wp\/v2\/posts\/118294","targetHints":{"allow":["GET"]}}],"collection":[{"href":"https:\/\/linitiative.ca\/International\/wp-json\/wp\/v2\/posts"}],"about":[{"href":"https:\/\/linitiative.ca\/International\/wp-json\/wp\/v2\/types\/post"}],"author":[{"embeddable":true,"href":"https:\/\/linitiative.ca\/International\/wp-json\/wp\/v2\/users\/1789"}],"replies":[{"embeddable":true,"href":"https:\/\/linitiative.ca\/International\/wp-json\/wp\/v2\/comments?post=118294"}],"version-history":[{"count":0,"href":"https:\/\/linitiative.ca\/International\/wp-json\/wp\/v2\/posts\/118294\/revisions"}],"wp:attachment":[{"href":"https:\/\/linitiative.ca\/International\/wp-json\/wp\/v2\/media?parent=118294"}],"wp:term":[{"taxonomy":"category","embeddable":true,"href":"https:\/\/linitiative.ca\/International\/wp-json\/wp\/v2\/categories?post=118294"},{"taxonomy":"post_tag","embeddable":true,"href":"https:\/\/linitiative.ca\/International\/wp-json\/wp\/v2\/tags?post=118294"}],"curies":[{"name":"wp","href":"https:\/\/api.w.org\/{rel}","templated":true}]}}