{"id":118296,"date":"2021-06-09T17:12:34","date_gmt":"2021-06-09T21:12:34","guid":{"rendered":"https:\/\/linitiative.ca\/International\/une-issue-heureuse-pour-les-etudiants-et-voyageurs-tunisiens-au-maroc\/"},"modified":"2021-06-09T17:12:34","modified_gmt":"2021-06-09T21:12:34","slug":"une-issue-heureuse-pour-les-etudiants-et-voyageurs-tunisiens-au-maroc","status":"publish","type":"post","link":"https:\/\/linitiative.ca\/International\/une-issue-heureuse-pour-les-etudiants-et-voyageurs-tunisiens-au-maroc\/","title":{"rendered":"Une issue heureuse pour les \u00e9tudiants et voyageurs tunisiens au Maroc"},"content":{"rendered":"<div class=\"post-cont-in left relative\">\n<div id=\"post-info-wrap\" class=\"left relative post-info-out\">\n<div class=\"post-info-img left relative\"><img decoding=\"async\" alt=\"\" src=\"https:\/\/secure.gravatar.com\/avatar\/047123be9d5e8513774383916ee72db2?s=50&amp;d=mm&amp;r=g\" srcset=\"https:\/\/secure.gravatar.com\/avatar\/047123be9d5e8513774383916ee72db2?s=100&amp;d=mm&amp;r=g 2x\" class=\"avatar avatar-50 photo\" height=\"50\" width=\"50\" loading=\"lazy\"\/><\/div>\n<div class=\"post-info-in post-info-right left relative post-info-name left relative\"><span><span class=\"post-info-text\">Par<\/span> <span class=\"author-name vcard fn author\"><a href=\"https:\/\/www.tunisienumerique.com\/author\/lm\/\" title=\"Articles par LM\" rel=\"author\">LM<\/a><\/span><\/span> <span class=\"post-date updated\"><time class=\"post-date updated\" datetime=\"2021-06-09\">\u00a0| Il y a 34 secondes<\/time><\/span><br \/>\n<meta itemprop=\"dateModified\" content=\"2021-06-09\"\/><\/div>\n<\/div>\n<div class=\"code-block code-block-1 c4\">\n <ins class=\"adsbygoogle c3\" data-ad-layout=\"in-article\" data-ad-format=\"fluid\" data-ad-client=\"ca-pub-2102118777505746\" data-ad-slot=\"7301775417\"\/>\n<\/div>\n<p>Le minist\u00e8re des affaires \u00e9trang\u00e8res tunisien a annonc\u00e9 que suite \u00e0 la r\u00e9ouverture des fronti\u00e8res a\u00e9riennes du royaume du Maroc, \u00e0 partir du 15 juin courant, les voyageurs tunisiens, et surtout, les \u00e9tudiants tunisiens inscrits au Maroc, et qui n\u2019ont pas pu s\u2019y rendre \u00e0 temps, pour les examens, vont pouvoir y aller \u00e0 partir du 15 juin, moyennant la pr\u00e9sentation d\u2019un test PCR n\u00e9gatif datant de moins de 48 heures \u00e0 l\u2019arriv\u00e9e au Royaume.<\/p>\n<p>Pour les \u00e9tudiants, le minist\u00e8re de l\u2019enseignement sup\u00e9rieur a d\u00e9cid\u00e9 d\u2019organiser deux sessions sp\u00e9ciales pour permettre aux retardataires de passer leurs examens de fin d\u2019ann\u00e9e, dans de bonnes conditions.<\/p>\n<p>La Tunisair a, de son c\u00f4t\u00e9, annonc\u00e9 qu\u2019elle va organiser trois vols par semaines vers le Maroc, d\u00e8s l\u2019obtention des autorisations n\u00e9cessaires des autorit\u00e9s a\u00e9riennes marocaines.<\/p>\n<div class=\"swp_social_panel swp_horizontal_panel swp_flat_fresh swp_default_full_color swp_individual_full_color swp_other_full_color scale-100 scale-\" data-min-width=\"1100\" data-float-color=\"#ffffff\" data-float=\"bottom\" data-float-mobile=\"bottom\" data-transition=\"slide\">\n<div class=\"nc_tweetContainer swp_share_button total_shares total_sharesalt\"><span class=\"swp_count\">0 <span class=\"swp_label\">Partages<\/span><\/span><\/div>\n<\/div>\n<p><strong>Que se passe-t-il en Tunisie?<\/strong><br \/>Nous expliquons sur notre <a href=\"https:\/\/www.youtube.com\/channel\/UCRzypVq0B_yBad5eGrwBx0Q?sub_confirmation=1\" target=\"_blank\" rel=\"noopener\">cha\u00eene YouTube<\/a> . <a href=\"https:\/\/www.youtube.com\/channel\/UCRzypVq0B_yBad5eGrwBx0Q?sub_confirmation=1\" target=\"_blank\" rel=\"noopener\">Abonnez-vous!<\/a><\/p>\n<div class=\"mvp-org-wrap\" itemprop=\"publisher\">\n<div class=\"mvp-org-logo\" itemprop=\"logo\"><img decoding=\"async\" src=\"https:\/\/www.tunisienumerique.com\/wp-content\/uploads\/2017\/02\/logo_tunisie_numerique.png\"\/><br \/>\n<meta itemprop=\"url\" content=\"https:\/\/www.tunisienumerique.com\/wp-content\/uploads\/2017\/02\/logo_tunisie_numerique.png\"\/><\/div>\n<p><meta content=\"Tunisie\"\/><\/div>\n<div class=\"mvp-related-posts left relative\">\n<h4 class=\"post-header\"><span class=\"post-header\">Lire aussi<\/span><\/h4>\n<\/div>\n<div id=\"article-ad\">\n <ins class=\"adsbygoogle c5\" data-ad-client=\"ca-pub-2102118777505746\" data-ad-slot=\"6513972734\" data-ad-format=\"auto\" data-full-width-responsive=\"true\"\/>\n<\/div>\n<\/div>\n<div id=\"post-sidebar-wrap\">\n <ins class=\"adsbygoogle c5\" data-ad-client=\"ca-pub-2102118777505746\" data-ad-slot=\"6168283410\" data-ad-format=\"auto\" data-full-width-responsive=\"true\"\/>\n<\/div>\n<p>Auteur: LM<br \/>\n<a href=\"https:\/\/www.tunisienumerique.com\/une-issue-heureuse-pour-les-etudiants-et-voyageurs-tunisiens-au-maroc\/\">Cliquez ici pour lire l&rsquo;article depuis sa source.<\/a><\/p>\n","protected":false},"excerpt":{"rendered":"<p>Par LM \u00a0| Il y a 34 secondes Le minist\u00e8re des affaires \u00e9trang\u00e8res tunisien a annonc\u00e9 que suite \u00e0 la r\u00e9ouverture des fronti\u00e8res a\u00e9riennes du royaume du Maroc, \u00e0 partir du 15 juin courant, les voyageurs tunisiens, et surtout, les \u00e9tudiants tunisiens inscrits au Maroc, et qui n\u2019ont pas pu s\u2019y rendre \u00e0 temps, pour [&hellip;]<\/p>\n","protected":false},"author":1789,"featured_media":0,"comment_status":"closed","ping_status":"closed","sticky":false,"template":"","format":"standard","meta":{"fifu_image_url":"https:\/\/secure.gravatar.com\/avatar\/047123be9d5e8513774383916ee72db2?s=50&d=mm&r=g","fifu_image_alt":"Une issue heureuse pour les \u00e9tudiants et voyageurs tunisiens au Maroc","footnotes":""},"categories":[73,55],"tags":[],"class_list":["post-118296","post","type-post","status-publish","format-standard","hentry","category-actualite","category-tunisie"],"_links":{"self":[{"href":"https:\/\/linitiative.ca\/International\/wp-json\/wp\/v2\/posts\/118296","targetHints":{"allow":["GET"]}}],"collection":[{"href":"https:\/\/linitiative.ca\/International\/wp-json\/wp\/v2\/posts"}],"about":[{"href":"https:\/\/linitiative.ca\/International\/wp-json\/wp\/v2\/types\/post"}],"author":[{"embeddable":true,"href":"https:\/\/linitiative.ca\/International\/wp-json\/wp\/v2\/users\/1789"}],"replies":[{"embeddable":true,"href":"https:\/\/linitiative.ca\/International\/wp-json\/wp\/v2\/comments?post=118296"}],"version-history":[{"count":0,"href":"https:\/\/linitiative.ca\/International\/wp-json\/wp\/v2\/posts\/118296\/revisions"}],"wp:attachment":[{"href":"https:\/\/linitiative.ca\/International\/wp-json\/wp\/v2\/media?parent=118296"}],"wp:term":[{"taxonomy":"category","embeddable":true,"href":"https:\/\/linitiative.ca\/International\/wp-json\/wp\/v2\/categories?post=118296"},{"taxonomy":"post_tag","embeddable":true,"href":"https:\/\/linitiative.ca\/International\/wp-json\/wp\/v2\/tags?post=118296"}],"curies":[{"name":"wp","href":"https:\/\/api.w.org\/{rel}","templated":true}]}}