{"id":118297,"date":"2021-06-09T17:19:10","date_gmt":"2021-06-09T21:19:10","guid":{"rendered":"https:\/\/linitiative.ca\/International\/le-ministre-de-la-sante-est-fier-dannoncer-lentree-officielle-de-la-tunisie-dans-la-quatrieme-vague-de-la-pandemie\/"},"modified":"2021-06-09T17:19:10","modified_gmt":"2021-06-09T21:19:10","slug":"le-ministre-de-la-sante-est-fier-dannoncer-lentree-officielle-de-la-tunisie-dans-la-quatrieme-vague-de-la-pandemie","status":"publish","type":"post","link":"https:\/\/linitiative.ca\/International\/le-ministre-de-la-sante-est-fier-dannoncer-lentree-officielle-de-la-tunisie-dans-la-quatrieme-vague-de-la-pandemie\/","title":{"rendered":"Le ministre de la sant\u00e9 est fier d\u2019annoncer l\u2019entr\u00e9e \u00ab\u00a0officielle\u00a0\u00bb de la Tunisie dans la quatri\u00e8me vague de la pand\u00e9mie"},"content":{"rendered":"<div class=\"post-cont-in left relative\">\n<div id=\"post-info-wrap\" class=\"left relative post-info-out\">\n<div class=\"post-info-img left relative\"><img decoding=\"async\" alt=\"\" src=\"https:\/\/secure.gravatar.com\/avatar\/047123be9d5e8513774383916ee72db2?s=50&amp;d=mm&amp;r=g\" srcset=\"https:\/\/secure.gravatar.com\/avatar\/047123be9d5e8513774383916ee72db2?s=100&amp;d=mm&amp;r=g 2x\" class=\"avatar avatar-50 photo\" height=\"50\" width=\"50\" loading=\"lazy\"\/><\/div>\n<div class=\"post-info-in post-info-right left relative post-info-name left relative\"><span><span class=\"post-info-text\">Par<\/span> <span class=\"author-name vcard fn author\"><a href=\"https:\/\/www.tunisienumerique.com\/author\/lm\/\" title=\"Articles par LM\" rel=\"author\">LM<\/a><\/span><\/span> <span class=\"post-date updated\"><time class=\"post-date updated\" datetime=\"2021-06-09\">\u00a0| Il y a 1 minute<\/time><\/span><br \/>\n<meta itemprop=\"dateModified\" content=\"2021-06-09\"\/><\/div>\n<\/div>\n<div class=\"code-block code-block-1 c4\">\n <ins class=\"adsbygoogle c3\" data-ad-layout=\"in-article\" data-ad-format=\"fluid\" data-ad-client=\"ca-pub-2102118777505746\" data-ad-slot=\"7301775417\"\/>\n<\/div>\n<p>Le ministre de la sant\u00e9 a annonc\u00e9, ce mercredi, que la Tunisie est, officiellement, entr\u00e9e dans la quatri\u00e8me vague de la pand\u00e9mie du covid, avec l\u2019augmentation des nouveaux cas, et des d\u00e9c\u00e8s, ainsi que le retour vers la pressions sur les structures de soins, en termes de nombre de malades et d\u2019occupation de lits de r\u00e9animation.<\/p>\n<p>Le ministre a pr\u00e9cis\u00e9 que pas moins de 18 r\u00e9gions tunisiennes se trouvent au dessus du taux du risque \u00e9pid\u00e9miologique \u00e9lev\u00e9, et qu\u2019il allait falloir s\u2019attendre \u00e0 une augmentation des nouveaux cas et des d\u00e9c\u00e8s, pour les prochains jours.<\/p>\n<div class=\"swp_social_panel swp_horizontal_panel swp_flat_fresh swp_default_full_color swp_individual_full_color swp_other_full_color scale-100 scale-\" data-min-width=\"1100\" data-float-color=\"#ffffff\" data-float=\"bottom\" data-float-mobile=\"bottom\" data-transition=\"slide\">\n<div class=\"nc_tweetContainer swp_share_button total_shares total_sharesalt\"><span class=\"swp_count\">0 <span class=\"swp_label\">Partages<\/span><\/span><\/div>\n<\/div>\n<p><strong>Que se passe-t-il en Tunisie?<\/strong><br \/>Nous expliquons sur notre <a href=\"https:\/\/www.youtube.com\/channel\/UCRzypVq0B_yBad5eGrwBx0Q?sub_confirmation=1\" target=\"_blank\" rel=\"noopener\">cha\u00eene YouTube<\/a> . <a href=\"https:\/\/www.youtube.com\/channel\/UCRzypVq0B_yBad5eGrwBx0Q?sub_confirmation=1\" target=\"_blank\" rel=\"noopener\">Abonnez-vous!<\/a><\/p>\n<div class=\"mvp-org-wrap\" itemprop=\"publisher\">\n<div class=\"mvp-org-logo\" itemprop=\"logo\"><img decoding=\"async\" src=\"https:\/\/www.tunisienumerique.com\/wp-content\/uploads\/2017\/02\/logo_tunisie_numerique.png\"\/><br \/>\n<meta itemprop=\"url\" content=\"https:\/\/www.tunisienumerique.com\/wp-content\/uploads\/2017\/02\/logo_tunisie_numerique.png\"\/><\/div>\n<p><meta content=\"Tunisie\"\/><\/div>\n<div class=\"mvp-related-posts left relative\">\n<h4 class=\"post-header\"><span class=\"post-header\">Lire aussi<\/span><\/h4>\n<\/div>\n<div id=\"article-ad\">\n <ins class=\"adsbygoogle c5\" data-ad-client=\"ca-pub-2102118777505746\" data-ad-slot=\"6513972734\" data-ad-format=\"auto\" data-full-width-responsive=\"true\"\/>\n<\/div>\n<\/div>\n<div id=\"post-sidebar-wrap\">\n <ins class=\"adsbygoogle c5\" data-ad-client=\"ca-pub-2102118777505746\" data-ad-slot=\"6168283410\" data-ad-format=\"auto\" data-full-width-responsive=\"true\"\/>\n<\/div>\n<p>Auteur: LM<br \/>\n<a href=\"https:\/\/www.tunisienumerique.com\/le-ministre-de-la-sante-est-fier-dannoncer-lentree-officielle-de-la-tunisie-dans-la-quatrieme-vague-de-la-pandemie\/\">Cliquez ici pour lire l&rsquo;article depuis sa source.<\/a><\/p>\n","protected":false},"excerpt":{"rendered":"<p>Par LM \u00a0| Il y a 1 minute Le ministre de la sant\u00e9 a annonc\u00e9, ce mercredi, que la Tunisie est, officiellement, entr\u00e9e dans la quatri\u00e8me vague de la pand\u00e9mie du covid, avec l\u2019augmentation des nouveaux cas, et des d\u00e9c\u00e8s, ainsi que le retour vers la pressions sur les structures de soins, en termes de [&hellip;]<\/p>\n","protected":false},"author":1789,"featured_media":0,"comment_status":"closed","ping_status":"closed","sticky":false,"template":"","format":"standard","meta":{"fifu_image_url":"https:\/\/secure.gravatar.com\/avatar\/047123be9d5e8513774383916ee72db2?s=50&d=mm&r=g","fifu_image_alt":"Le ministre de la sant\u00e9 est fier d\u2019annoncer l\u2019entr\u00e9e \u00ab\u00a0officielle\u00a0\u00bb de la Tunisie dans la quatri\u00e8me vague de la pand\u00e9mie","footnotes":""},"categories":[73,55],"tags":[],"class_list":["post-118297","post","type-post","status-publish","format-standard","hentry","category-actualite","category-tunisie"],"_links":{"self":[{"href":"https:\/\/linitiative.ca\/International\/wp-json\/wp\/v2\/posts\/118297","targetHints":{"allow":["GET"]}}],"collection":[{"href":"https:\/\/linitiative.ca\/International\/wp-json\/wp\/v2\/posts"}],"about":[{"href":"https:\/\/linitiative.ca\/International\/wp-json\/wp\/v2\/types\/post"}],"author":[{"embeddable":true,"href":"https:\/\/linitiative.ca\/International\/wp-json\/wp\/v2\/users\/1789"}],"replies":[{"embeddable":true,"href":"https:\/\/linitiative.ca\/International\/wp-json\/wp\/v2\/comments?post=118297"}],"version-history":[{"count":0,"href":"https:\/\/linitiative.ca\/International\/wp-json\/wp\/v2\/posts\/118297\/revisions"}],"wp:attachment":[{"href":"https:\/\/linitiative.ca\/International\/wp-json\/wp\/v2\/media?parent=118297"}],"wp:term":[{"taxonomy":"category","embeddable":true,"href":"https:\/\/linitiative.ca\/International\/wp-json\/wp\/v2\/categories?post=118297"},{"taxonomy":"post_tag","embeddable":true,"href":"https:\/\/linitiative.ca\/International\/wp-json\/wp\/v2\/tags?post=118297"}],"curies":[{"name":"wp","href":"https:\/\/api.w.org\/{rel}","templated":true}]}}