{"id":118299,"date":"2021-06-08T17:58:56","date_gmt":"2021-06-08T21:58:56","guid":{"rendered":"https:\/\/linitiative.ca\/International\/deces-de-assimi-kouanda-la-depouille-rapatriee-a-ouagadougou\/"},"modified":"2021-06-08T17:58:56","modified_gmt":"2021-06-08T21:58:56","slug":"deces-de-assimi-kouanda-la-depouille-rapatriee-a-ouagadougou","status":"publish","type":"post","link":"https:\/\/linitiative.ca\/International\/deces-de-assimi-kouanda-la-depouille-rapatriee-a-ouagadougou\/","title":{"rendered":"D\u00e9c\u00e8s de Assimi Kouanda : la d\u00e9pouille rapatri\u00e9e \u00e0 Ouagadougou"},"content":{"rendered":"<div class=\"td-post-featured-image\"><a href=\"https:\/\/www.sidwaya.info\/wp-content\/uploads\/2021\/06\/1-12.jpg\" data-caption=\"\"><img loading=\"lazy\" decoding=\"async\" width=\"595\" height=\"397\" class=\"entry-thumb td-modal-image\" src=\"https:\/\/www.sidwaya.info\/wp-content\/uploads\/2021\/06\/1-12.jpg\" srcset=\"https:\/\/www.sidwaya.info\/wp-content\/uploads\/2021\/06\/1-12.jpg 595w, https:\/\/www.sidwaya.info\/wp-content\/uploads\/2021\/06\/1-12-300x200.jpg 300w, https:\/\/www.sidwaya.info\/wp-content\/uploads\/2021\/06\/1-12-150x100.jpg 150w\" sizes=\"auto, (max-width: 595px) 100vw, 595px\" alt=\"\" title=\"1\"\/><\/a><\/div>\n<p><strong>Le corps de l\u2019ancien secr\u00e9taire ex\u00e9cutif du Congr\u00e8s pour la d\u00e9mocratie et le progr\u00e8s (CDP), Assimi Kouanda, est arriv\u00e9 \u00e0 Ouagadougou dans l\u2019apr\u00e8s-midi du 8 juin 2021, en provenance d\u2019Abidjan en C\u00f4te d\u2019Ivoire.<\/strong><\/p>\n<figure id=\"attachment_36219\" aria-describedby=\"caption-attachment-36219\" class=\"wp-caption alignleft c1\"><img decoding=\"async\" loading=\"lazy\" class=\"wp-image-36219 size-medium\" src=\"https:\/\/www.sidwaya.info\/wp-content\/uploads\/2021\/06\/3-1-300x200.jpg\" alt=\"\" width=\"300\" height=\"200\" srcset=\"https:\/\/www.sidwaya.info\/wp-content\/uploads\/2021\/06\/3-1-300x200.jpg 300w, https:\/\/www.sidwaya.info\/wp-content\/uploads\/2021\/06\/3-1-150x100.jpg 150w, https:\/\/www.sidwaya.info\/wp-content\/uploads\/2021\/06\/3-1.jpg 595w\" sizes=\"auto, (max-width: 300px) 100vw, 300px\"\/><figcaption id=\"caption-attachment-36219\" class=\"wp-caption-text\">Le cercueil contenant le corps de Assimi Kouanda a \u00e9t\u00e9 accueilli \u00e0 Ouagadougou par ses proches et de nombreux camarades politiques.<\/figcaption><\/figure>\n<p>D\u00e9c\u00e9d\u00e9 le 1er juin dernier \u00e0 Abidjan en C\u00f4te d\u2019Ivoire, le corps de l\u2019ancien pr\u00e9sident du Congr\u00e8s pour la d\u00e9mocratie et le progr\u00e8s (CDP), Assimi Kouanda, a \u00e9t\u00e9 rapatri\u00e9 dans son Burkina natal. L\u2019avion transportant la d\u00e9pouille a atterri \u00e0 14h50mn \u00e0 l\u2019a\u00e9roport international de Ouagadougou, le lundi 8 juin 2021. Proches parents, camarades politiques, coll\u00e8gues enseignants et figures du gotha politique burkinab\u00e8, toutes tendances confondues, sont venus accueillir, dans le recueillement, le corps de l\u2019illustre disparu. Toutes inimiti\u00e9s mises de c\u00f4t\u00e9, ils sont venus rendre hommage \u00e0 un compatriote qui s\u2019en est all\u00e9 \u00e0 l\u2019\u00e2ge de 65 ans. L\u2019ancien Premier ministre, Kadr\u00e9 D\u00e9sir\u00e9 Ou\u00e9draogo, a confi\u00e9 que c\u2019est avec \u00ab beaucoup de peine \u00bb, qu\u2019il est pr\u00e9sent \u00e0 l\u2019a\u00e9roport pour s\u2019incliner devant la d\u00e9pouille d\u2019un camarade politique. \u00ab C\u2019est une grande perte pour nous qui l\u2019avons connu et c\u00f4toy\u00e9. Nous n\u2019oublierons pas sa droiture et son d\u00e9vouement pour le Burkina Faso. En de circonstances pareilles, il \u00e9tait normal que nous venions honorer sa m\u00e9moire \u00bb,<br \/>a d\u00e9clar\u00e9 M. Ou\u00e9draogo.<\/p>\n<p>Le pr\u00e9sident de la F\u00e9d\u00e9ration des associations islamiques du Burkina (FAIB), El hadj Oumarou Zoungrana, a salu\u00e9 la m\u00e9moire d\u2019un \u00ab compatriote et fr\u00e8re en islam \u00bb. En ce moment pr\u00e9cis, a-t-il indiqu\u00e9, ce sont des pri\u00e8res qu\u2019il formule pour le repos de son \u00e2me. \u00ab Notre pr\u00e9sence \u00e9tait n\u00e9cessaire ici. Nous prions Allah pour qu\u2019il l\u2019accueille dans son royaume \u00bb, a-t-il soulign\u00e9. Le Secr\u00e9taire g\u00e9n\u00e9ral (SG) du CDP, Blaise Sawadogo, a d\u00e9clar\u00e9 avoir perdu \u00ab un ami, un fr\u00e8re et camarade politique \u00bb.<\/p>\n<p><strong>\u00ab Engagement au service des humbles \u00bb<\/strong><\/p>\n<p>\u00ab C\u2019est un sentiment de tristesse qui nous \u00e9treint parce que nous avons perdu un \u00eatre cher. C\u2019est un fr\u00e8re, un ami et surtout un camarade avec qui nous avons travers\u00e9 des moments difficiles et remport\u00e9 des victoires aussi. Ensemble nous avons essay\u00e9 de construire ce pays et nourri beaucoup d\u2019espoir pour son avenir \u00bb, a-t-il laiss\u00e9 entendre. Pour le SG du CDP, la mort de Assimi Kouanda marque \u00ab un d\u00e9but et une fin \u00bb et sonne comme une \u00ab d\u00e9termination \u00bb \u00e0 se battre pour ce en quoi l\u2019on croit. \u00ab Assimi Kouanda s\u2019est toujours d\u00e9parti de la politique sans vertu, c\u2019est un humaniste qui a toujours cru que la politique est un engagement au service des humbles et des minorit\u00e9s. C\u2019est une interpellation \u00e0 s\u2019inspirer de son parcours et \u00e0 \u0153uvrer dans le sens de la r\u00e9conciliation, parce que nous avons besoin de f\u00e9d\u00e9rer nos \u00e9nergies pour construire le pays \u00bb, a t\u00e9moign\u00e9 Blaise Sawadogo. Le pr\u00e9sident de \u00ab Le Faso Autrement \u00bb, Ablass\u00e9 Ou\u00e9draogo, a dit \u00eatre anim\u00e9 d\u2019\u00ab une grande amertume \u00bb, car le d\u00e9part de M. Kouanda est une \u00ab grande \u00bb perte pour sa famille et pour le peuple burkinab\u00e8. \u00ab J\u2019ai eu la chance de le conna\u00eetre quand j\u2019\u00e9tais ministre des Affaires \u00e9trang\u00e8res.<\/p>\n<figure id=\"attachment_36218\" aria-describedby=\"caption-attachment-36218\" class=\"wp-caption alignright c1\"><img decoding=\"async\" loading=\"lazy\" class=\"wp-image-36218 size-medium\" src=\"https:\/\/www.sidwaya.info\/wp-content\/uploads\/2021\/06\/2-2-300x200.jpg\" alt=\"\" width=\"300\" height=\"200\" srcset=\"https:\/\/www.sidwaya.info\/wp-content\/uploads\/2021\/06\/2-2-300x200.jpg 300w, https:\/\/www.sidwaya.info\/wp-content\/uploads\/2021\/06\/2-2-150x100.jpg 150w, https:\/\/www.sidwaya.info\/wp-content\/uploads\/2021\/06\/2-2.jpg 595w\" sizes=\"auto, (max-width: 300px) 100vw, 300px\"\/><figcaption id=\"caption-attachment-36218\" class=\"wp-caption-text\">Des personnalit\u00e9s politiques et religieuses \u00e9taient pr\u00e9sentes pour accueillir la d\u00e9pouille de l\u2019illustre disparu.<\/figcaption><\/figure>\n<p>On venait de le nommer ambassadeur du Burkina Faso \u00e0 Rabat au Maroc. J\u2019ai vu tous les efforts qu\u2019il a men\u00e9s pour rendre la coop\u00e9ration Maroco-burkinab\u00e8 effective. C\u2019\u00e9tait un homme tr\u00e8s affable, humble et travailleur. Il est mort par<br \/>chagrin et amertume, \u00e0 mon avis \u00bb, a-t-il soutenu. C\u2019est en octobre 2014 \u00e0 la suite de l\u2019insurrection populaire que Assimi Kouanda s\u2019\u00e9tait exil\u00e9 en C\u00f4te d\u2019Ivoire, avec Blaise Compaor\u00e9 et bien d\u2019autres personnalit\u00e9s du r\u00e9gime d\u00e9chu. Depuis lors, il n\u2019avait plus mis pied au Burkina Faso. Enseignant-chercheur \u00e0 l\u2019universit\u00e9 de Ouagadougou et sp\u00e9cialiste des questions islamiques, Assimi Kouanda a \u00e9t\u00e9 aussi le directeur de cabinet du pr\u00e9sident Compaor\u00e9. Des hommages lui seront rendus dans la matin\u00e9e du vendredi 11 juin prochain \u00e0 l\u2019Universit\u00e9 Joseph-Ki-Zerbo et au si\u00e8ge du CDP, suivis de son inhumation apr\u00e8s la pri\u00e8re, \u00e0 domicile, selon les derni\u00e8res informations.<\/p>\n<p><strong>Karim BADOLO<\/strong><\/p>\n<div class=\"td-a-rec td-a-rec-id-content_bottom tdi_33_ce8 td_block_template_1\">\n<p><img loading=\"lazy\" decoding=\"async\" class=\"aligncenter size-full wp-image-27454\" src=\"https:\/\/www.sidwaya.info\/wp-content\/uploads\/2020\/10\/PUB-Bandeau-paiement-mobile-siteweb.jpg\" alt=\"\" width=\"728\" height=\"90\"\/><\/div>\n<p>Auteur: BM. Sidwaya<br \/>\n<a href=\"https:\/\/www.sidwaya.info\/blog\/2021\/06\/08\/deces-de-assimi-kouanda-la-depouille-rapatriee-a-ouagadougou\/\">Cliquez ici pour lire l&rsquo;article depuis sa source.<\/a><\/p>\n","protected":false},"excerpt":{"rendered":"<p>Le corps de l\u2019ancien secr\u00e9taire ex\u00e9cutif du Congr\u00e8s pour la d\u00e9mocratie et le progr\u00e8s (CDP), Assimi Kouanda, est arriv\u00e9 \u00e0 Ouagadougou dans l\u2019apr\u00e8s-midi du 8 juin 2021, en provenance d\u2019Abidjan en C\u00f4te d\u2019Ivoire. Le cercueil contenant le corps de Assimi Kouanda a \u00e9t\u00e9 accueilli \u00e0 Ouagadougou par ses proches et de nombreux camarades politiques. D\u00e9c\u00e9d\u00e9 [&hellip;]<\/p>\n","protected":false},"author":1816,"featured_media":0,"comment_status":"closed","ping_status":"closed","sticky":false,"template":"","format":"standard","meta":{"fifu_image_url":"https:\/\/www.sidwaya.info\/wp-content\/uploads\/2021\/06\/1-12.jpg","fifu_image_alt":"D\u00e9c\u00e8s de Assimi Kouanda : la d\u00e9pouille rapatri\u00e9e \u00e0 Ouagadougou","footnotes":""},"categories":[73,81],"tags":[],"class_list":["post-118299","post","type-post","status-publish","format-standard","hentry","category-actualite","category-burkina-faso"],"_links":{"self":[{"href":"https:\/\/linitiative.ca\/International\/wp-json\/wp\/v2\/posts\/118299","targetHints":{"allow":["GET"]}}],"collection":[{"href":"https:\/\/linitiative.ca\/International\/wp-json\/wp\/v2\/posts"}],"about":[{"href":"https:\/\/linitiative.ca\/International\/wp-json\/wp\/v2\/types\/post"}],"author":[{"embeddable":true,"href":"https:\/\/linitiative.ca\/International\/wp-json\/wp\/v2\/users\/1816"}],"replies":[{"embeddable":true,"href":"https:\/\/linitiative.ca\/International\/wp-json\/wp\/v2\/comments?post=118299"}],"version-history":[{"count":0,"href":"https:\/\/linitiative.ca\/International\/wp-json\/wp\/v2\/posts\/118299\/revisions"}],"wp:attachment":[{"href":"https:\/\/linitiative.ca\/International\/wp-json\/wp\/v2\/media?parent=118299"}],"wp:term":[{"taxonomy":"category","embeddable":true,"href":"https:\/\/linitiative.ca\/International\/wp-json\/wp\/v2\/categories?post=118299"},{"taxonomy":"post_tag","embeddable":true,"href":"https:\/\/linitiative.ca\/International\/wp-json\/wp\/v2\/tags?post=118299"}],"curies":[{"name":"wp","href":"https:\/\/api.w.org\/{rel}","templated":true}]}}