{"id":118302,"date":"2021-06-09T13:23:44","date_gmt":"2021-06-09T17:23:44","guid":{"rendered":"https:\/\/linitiative.ca\/International\/lutte-contre-le-terrorisme-le-peuple-aura-son-mot-a-dire-fatimata-ouilma-sinare-presidente-du-repsfeco\/"},"modified":"2021-06-09T13:23:44","modified_gmt":"2021-06-09T17:23:44","slug":"lutte-contre-le-terrorisme-le-peuple-aura-son-mot-a-dire-fatimata-ouilma-sinare-presidente-du-repsfeco","status":"publish","type":"post","link":"https:\/\/linitiative.ca\/International\/lutte-contre-le-terrorisme-le-peuple-aura-son-mot-a-dire-fatimata-ouilma-sinare-presidente-du-repsfeco\/","title":{"rendered":"Lutte contre le terrorisme: \u00ab\u00a0Le peuple aura son mot \u00e0 dire\u00a0\u00bb, Fatimata Ouilma Sinar\u00e9, pr\u00e9sidente du REPSFECO"},"content":{"rendered":"<div class=\"td-post-featured-image\">\n<figure><a href=\"https:\/\/www.sidwaya.info\/wp-content\/uploads\/2021\/06\/1-14.jpg\" data-caption=\"?????????\"><img loading=\"lazy\" decoding=\"async\" width=\"696\" height=\"464\" class=\"entry-thumb td-modal-image\" src=\"https:\/\/www.sidwaya.info\/wp-content\/uploads\/2021\/06\/1-14-696x464.jpg\" srcset=\"https:\/\/www.sidwaya.info\/wp-content\/uploads\/2021\/06\/1-14-696x464.jpg 696w, https:\/\/www.sidwaya.info\/wp-content\/uploads\/2021\/06\/1-14-300x200.jpg 300w, https:\/\/www.sidwaya.info\/wp-content\/uploads\/2021\/06\/1-14-768x512.jpg 768w, https:\/\/www.sidwaya.info\/wp-content\/uploads\/2021\/06\/1-14-150x100.jpg 150w, https:\/\/www.sidwaya.info\/wp-content\/uploads\/2021\/06\/1-14-630x420.jpg 630w, https:\/\/www.sidwaya.info\/wp-content\/uploads\/2021\/06\/1-14.jpg 1024w\" sizes=\"auto, (max-width: 696px) 100vw, 696px\" alt=\"\" title=\"1\"\/><\/a><figcaption class=\"wp-caption-text\">?????????<\/figcaption><\/figure>\n<\/div>\n<p><strong>Dans cet entretien, suite au massacre de Solhan, le pr\u00e9sident du R\u00e9seau paix et s\u00e9curit\u00e9 pour les femmes de l\u2019espace CEDEAO (REPSFECO), Fatimata Ouilma Sinar\u00e9, appelle les Burkinab\u00e8 au recueillement dans la dignit\u00e9, \u00e0 la synergie d\u2019actions pour venir \u00e0 bout de l\u2019hydre terroriste.<\/strong><\/p>\n<p><strong>Sidwaya (S): Suite au drame de Solhan, vous \u00eates porteur d\u2019un message, de quoi s\u2019agit-il ?<\/strong><\/p>\n<p><strong>Fatimata Ouilma Sinar\u00e9\u00a0(F.O.S)\u00a0:<\/strong> Nous lan\u00e7ons \u00e0 travers les r\u00e9seaux sociaux et les m\u00e9dias une initiative en accompagnement au deuil national d\u00e9cr\u00e9t\u00e9 par le pr\u00e9sident du Faso, Roch Marc Christian Kabor\u00e9, suite au drame de Solhan perp\u00e9tr\u00e9 dans la nuit du 04 au 05 juin 2021. Nous demandons \u00e0 l\u2019ensemble de la population d\u2019adh\u00e9rer \u00e0 cette initiative qu\u2019est de s\u2019habiller pendant la journ\u00e9e du lundi 7 juin 2021 en couleur blanche pour apporter notre solidarit\u00e9 \u00e0 l\u2019endroit de la famille des victimes, pour accompagner l\u2019\u00e9lan de l\u2019appel au deuil national lanc\u00e9 par les autorit\u00e9s\u00a0 et enfin pour mobiliser et motiver davantage l\u2019ensemble de la population \u00e0 demeurer unie dans l\u2019\u00e9lan de la recherche de cette coh\u00e9sion sociale et d\u2019une paix durable. Pour accompagner ce deuil, nous sommes en train de communiquer avec les autorit\u00e9s, celles religieuse et traditionnelles de notre pays pour que par exemple vendredi prochain tous les musulmans soient en blanc \u00e0 la mosqu\u00e9e et tous les sermons dans toutes les mosqu\u00e9es du Burkina Faso soient orient\u00e9s vers ce drame national, pour continuer \u00e0 encourager la population. Pourquoi pas organiser une journ\u00e9e nationale les semaines \u00e0 venir. On peut organiser une journ\u00e9e de je\u00fbne pour implorer Dieu.<\/p>\n<p><strong><em>S\u00a0: En tant que femme que comptez-vous faire pour que le Burkina Faso retrouve sa paix d\u2019antan\u00a0?<\/em><\/strong><\/p>\n<p><strong>F.O.S\u00a0:<\/strong> En tant que femme du r\u00e9seau REPSFECO, nous allons travailler en synergie d\u2019actions. Notre vision est un espace CEDEAO paisible, stable et s\u00e9curis\u00e9 par une participation inclusive et un d\u00e9veloppement durable. Nous avons pour mission de promouvoir un leadership f\u00e9minin engag\u00e9 pour une Afrique de l\u2019Ouest paisible, stable et s\u00e9curis\u00e9e. Nous intervenons sur trois axes notamment le plaidoyer et la promotion des r\u00e9solutions, la communication et la mobilisation des ressources, le renforcement de capacit\u00e9s, la recherche et la coordination du groupe de travail.<\/p>\n<p><strong>S\u00a0: Pensez-vous que vos activit\u00e9s pourront aider \u00e0 r\u00e9duire le terrorisme\u00a0?<\/strong><\/p>\n<p><strong>F.O.S :<\/strong> Je crois aux valeurs de mon pays. Le Burkina Faso est un pays d\u2019hommes int\u00e8gres. Nous avons une dignit\u00e9. Nous avons juste besoin de la revaloriser. Quand on va finir de revaloriser nos valeurs, nous pourrons r\u00e9cup\u00e9rer nos fr\u00e8res et s\u0153urs devenus des terroristes. Ensuite nous travaillerons en \u00e9troite collaboration avec le gouvernement, avec les autres organisations du pays, les hommes de m\u00e9dias. Nous pensons qu\u2019\u00e0 travers ces actions nous pourrons r\u00e9duire le terrorisme.<\/p>\n<p><strong><em>S\u00a0: Concr\u00e8tement qu\u2019est-ce que votre r\u00e9seau propose au gouvernement pour lutter contre le terrorisme\u00a0?<\/em><\/strong><\/p>\n<p><strong>F.O.S :<\/strong> Il faut noter d\u00e9j\u00e0 qu\u2019au Burkina Faso, il y a un ministre de la coh\u00e9sion sociale qui travaille avec les organisations de la soci\u00e9t\u00e9 civile, y compris les organisations f\u00e9minines. Dans cet \u00e9lan, des propositions ont \u00e9t\u00e9 faites et vous aurez l\u2019occasion de le constater sur le terrain tr\u00e8s prochainement.<\/p>\n<p><strong><em>S\u00a0: Au stade o\u00f9 on est, pensez-vous que le gouvernement doit n\u00e9gocier pour mettre fin \u00e0 cette pratique\u00a0?<\/em><\/strong><\/p>\n<p><strong>F.O.S :<\/strong> C\u2019est ensemble que nous allons prendre cette d\u00e9cision finale. Je vous rassure que des enqu\u00eates sont en cours et ensemble s\u2019il y a des d\u00e9cisions \u00e0 prendre, le peuple aura son mot \u00e0 dire.<\/p>\n<p><strong><em>S\u00a0: S\u2019habiller en blanc toute la journ\u00e9e ne consiste-t-il pas \u00e0 faire l\u2019apologie du terrorisme\u00a0?<\/em><\/strong><\/p>\n<p><strong>F.O.S :<\/strong> On ne peut pas nier le fait que nous sommes en deuil. Mais nous n\u2019allons pas verser des larmes, nous allons manifester notre tristesse d\u2019une autre mani\u00e8re. Le port du blanc nous permettra de nous ressourcer, de faire notre deuil et de ce recueillement, des solutions idoines ressortiront et ensemble nous vaincrons ce fl\u00e9au.<\/p>\n<p><strong>Interview r\u00e9alis\u00e9e par<\/strong><\/p>\n<p><strong>Sidwaya Ida Ou\u00e9draogo<\/strong><\/p>\n<p><strong>(Stagiaire)<\/strong><\/p>\n<div class=\"td-a-rec td-a-rec-id-content_bottom tdi_33_1c0 td_block_template_1\">\n<p><img loading=\"lazy\" decoding=\"async\" class=\"aligncenter size-full wp-image-27454\" src=\"https:\/\/www.sidwaya.info\/wp-content\/uploads\/2020\/10\/PUB-Bandeau-paiement-mobile-siteweb.jpg\" alt=\"\" width=\"728\" height=\"90\"\/><\/div>\n<p>Auteur: BS. Sidwaya<br \/>\n<a href=\"https:\/\/www.sidwaya.info\/blog\/2021\/06\/09\/lutte-contre-le-terrorisme-le-peuple-aura-son-mot-a-dire-fatimata-ouilma-sinare-presidente-du-repsfeco\/\">Cliquez ici pour lire l&rsquo;article depuis sa source.<\/a><\/p>\n","protected":false},"excerpt":{"rendered":"<p>????????? Dans cet entretien, suite au massacre de Solhan, le pr\u00e9sident du R\u00e9seau paix et s\u00e9curit\u00e9 pour les femmes de l\u2019espace CEDEAO (REPSFECO), Fatimata Ouilma Sinar\u00e9, appelle les Burkinab\u00e8 au recueillement dans la dignit\u00e9, \u00e0 la synergie d\u2019actions pour venir \u00e0 bout de l\u2019hydre terroriste. Sidwaya (S): Suite au drame de Solhan, vous \u00eates porteur [&hellip;]<\/p>\n","protected":false},"author":1816,"featured_media":0,"comment_status":"closed","ping_status":"closed","sticky":false,"template":"","format":"standard","meta":{"fifu_image_url":"https:\/\/www.sidwaya.info\/wp-content\/uploads\/2021\/06\/1-14-696x464.jpg","fifu_image_alt":"Lutte contre le terrorisme: \u00ab\u00a0Le peuple aura son mot \u00e0 dire\u00a0\u00bb, Fatimata Ouilma Sinar\u00e9, pr\u00e9sidente du REPSFECO","footnotes":""},"categories":[73,81],"tags":[],"class_list":["post-118302","post","type-post","status-publish","format-standard","hentry","category-actualite","category-burkina-faso"],"_links":{"self":[{"href":"https:\/\/linitiative.ca\/International\/wp-json\/wp\/v2\/posts\/118302","targetHints":{"allow":["GET"]}}],"collection":[{"href":"https:\/\/linitiative.ca\/International\/wp-json\/wp\/v2\/posts"}],"about":[{"href":"https:\/\/linitiative.ca\/International\/wp-json\/wp\/v2\/types\/post"}],"author":[{"embeddable":true,"href":"https:\/\/linitiative.ca\/International\/wp-json\/wp\/v2\/users\/1816"}],"replies":[{"embeddable":true,"href":"https:\/\/linitiative.ca\/International\/wp-json\/wp\/v2\/comments?post=118302"}],"version-history":[{"count":0,"href":"https:\/\/linitiative.ca\/International\/wp-json\/wp\/v2\/posts\/118302\/revisions"}],"wp:attachment":[{"href":"https:\/\/linitiative.ca\/International\/wp-json\/wp\/v2\/media?parent=118302"}],"wp:term":[{"taxonomy":"category","embeddable":true,"href":"https:\/\/linitiative.ca\/International\/wp-json\/wp\/v2\/categories?post=118302"},{"taxonomy":"post_tag","embeddable":true,"href":"https:\/\/linitiative.ca\/International\/wp-json\/wp\/v2\/tags?post=118302"}],"curies":[{"name":"wp","href":"https:\/\/api.w.org\/{rel}","templated":true}]}}