{"id":118304,"date":"2021-06-09T16:18:02","date_gmt":"2021-06-09T20:18:02","guid":{"rendered":"https:\/\/linitiative.ca\/International\/cote-divoire-12-nouveaux-ministres-gouverneurs-nommes-dici-a-fin-juin\/"},"modified":"2021-06-09T16:18:02","modified_gmt":"2021-06-09T20:18:02","slug":"cote-divoire-12-nouveaux-ministres-gouverneurs-nommes-dici-a-fin-juin","status":"publish","type":"post","link":"https:\/\/linitiative.ca\/International\/cote-divoire-12-nouveaux-ministres-gouverneurs-nommes-dici-a-fin-juin\/","title":{"rendered":"C\u00f4te d\u2019Ivoire: 12 nouveaux ministres-gouverneurs nomm\u00e9s d\u2019ici \u00e0 fin juin"},"content":{"rendered":"<div readability=\"32\">\n<p>Publi\u00e9 le 09.06.2021 \u00e0 21h18 par APA News<\/p>\n<\/div>\n<div readability=\"103\">\n<p>Le chef de l\u2019Etat ivoirien, Alassane Ouattara, a annonc\u00e9 mercredi la nomination de 12 nouveaux ministres-gouverneurs d\u2019ici \u00e0 fin juin 2021, \u00e0 l\u2019entame d\u2019un Conseil des ministres.<\/p>\n<p>Avec la nomination de ces 12 ministres-gouverneurs, les Districts autonomes \u00e0 travers le pays, actuellement au nombre de deux, devraient \u00eatre port\u00e9s \u00e0 14. Selon M. Ouattara, cela intervient dans le cadre de la mise en \u0153uvre de la politique de d\u00e9centralisation et du d\u00e9veloppement local.<\/p>\n<p>Le chef de l\u2019Etat a rappel\u00e9 que le \u00ab District autonome vise \u00e0 renforcer l\u2019efficacit\u00e9 de l\u2019action du gouvernement en ce qui concerne la coordination ainsi que le suivi pour la bonne ex\u00e9cution des programmes et des projets de gouvernement \u00bb. \u00a0\u00a0<\/p>\n<p>Le District autonome est aussi charg\u00e9 de susciter et d\u2019examiner avec les services techniques des minist\u00e8res et des institutions les \u00e9tudes qui permettront l\u2019\u00e9tablissement d\u2019un sch\u00e9ma directeur et d\u2019un livre blanc qui devraient \u00eatre approuv\u00e9s par le gouvernement, a-t-il ajout\u00e9.<\/p>\n<p>\u00ab\u00a0A ce jour, seuls les Districts autonomes d\u2019Abidjan et de Yamoussoukro existent, toutefois pour relever les d\u00e9fis d\u2019un d\u00e9veloppement diversifi\u00e9 et \u00e9quilibr\u00e9 sur l\u2019ensemble du territoire national, il appara\u00eet\u00a0n\u00e9cessaire de poursuivre le maillage territorial par la cr\u00e9ation de 12 nouveaux Districts\u00a0\u00bb, a-t-il soutenu.<\/p>\n<p>Cette d\u00e9cision devrait par ailleurs permettre la mise en \u0153uvre des projets de l\u2019Etat dans toutes les localit\u00e9s du pays \u00e0 travers \u00ab\u00a0une surveillance et une supervision plus accrue\u00a0\u00bb, a-t-il relev\u00e9, pr\u00e9cisant que ces Districts autonomes seront dirig\u00e9s par des ministres-gouverneurs.<\/p>\n<p>\u00ab\u00a0Je voudrais pr\u00e9ciser que dans le cadre de l\u2019optimisation des d\u00e9penses de l\u2019Etat, j\u2018ai instruit le Premier ministre \u00e0 l\u2019effet de prendre toutes les dispositions pour que la cr\u00e9ation des nouveaux Districts n\u2019ait pas d\u2019impacts budg\u00e9taires importants cette ann\u00e9e\u00a0\u00bb, a-t-il soulign\u00e9.<\/p>\n<p>\u00ab Dans ce cadre, la r\u00e9partition des imp\u00f4ts initialement r\u00e9troc\u00e9d\u00e9 aux districts autonomes d\u2019Abidjan et de Yamoussoukro sera \u00e9tendue aux 12 nouveaux districts. (Ensuite), ces efforts de rationalisation viendront en compl\u00e9ment des marges d\u00e9j\u00e0 r\u00e9alis\u00e9es avec la r\u00e9duction de la taille du gouvernement \u00bb, a-t-il poursuivi. \u00a0<\/p>\n<p>Dans cette perspective, le chef de l\u2019Etat a indiqu\u00e9 \u00ab\u00a0que le personnel du District autonome sera au deux tiers compos\u00e9 de fonctionnaires mis \u00e0 sa disposition et un cadre organique des emplois sera fix\u00e9 par d\u00e9cret pris en Conseil des ministres\u00a0\u00bb.<\/p>\n<p>\u00ab\u00a0En plus du suivi r\u00e9gulier des actions du ministre-gouverneur par le Premier ministre, je pr\u00e9siderai chaque ann\u00e9e et autant que besoin une r\u00e9union d\u2019\u00e9valuation et d\u2019\u00e9changes avec les ministres-gouverneurs de Districts\u00a0\u00bb, a-t-il fait savoir.<\/p>\n<p>Le choix du gouvernement se portera sur de \u00ab hautes personnalit\u00e9s et des cadres exp\u00e9riment\u00e9s de notre pays ayant une proximit\u00e9 avec les populations et provenant chacun des Districts qu\u2019ils dirigeront suite \u00e0 leur nomination en qualit\u00e9 de ministre-gouverneur \u00bb, a-t-il mentionn\u00e9. \u00a0<\/p>\n<p>Le pr\u00e9sident de la R\u00e9publique de C\u00f4te d\u2019Ivoire a dit qu\u2019il proc\u00e9dera dans les jours \u00e0 venir avec son Premier ministre aux consultations pour nommer les ministres-gouverneurs d\u2019ici \u00e0 la fin de ce mois de juin. \u00a0<\/p>\n<\/div>\n<p>Auteur: APA News<br \/>\n<a href=\"https:\/\/www.journalducameroun.com\/cote-divoire-12-nouveaux-ministres-gouverneurs-nommes-dici-a-fin-juin\/\">Cliquez ici pour lire l&rsquo;article depuis sa source.<\/a><\/p>\n","protected":false},"excerpt":{"rendered":"<p>Publi\u00e9 le 09.06.2021 \u00e0 21h18 par APA News Le chef de l\u2019Etat ivoirien, Alassane Ouattara, a annonc\u00e9 mercredi la nomination de 12 nouveaux ministres-gouverneurs d\u2019ici \u00e0 fin juin 2021, \u00e0 l\u2019entame d\u2019un Conseil des ministres. Avec la nomination de ces 12 ministres-gouverneurs, les Districts autonomes \u00e0 travers le pays, actuellement au nombre de deux, devraient [&hellip;]<\/p>\n","protected":false},"author":1965,"featured_media":0,"comment_status":"closed","ping_status":"closed","sticky":false,"template":"","format":"standard","meta":{"fifu_image_url":"","fifu_image_alt":"","footnotes":""},"categories":[73,82],"tags":[],"class_list":["post-118304","post","type-post","status-publish","format-standard","hentry","category-actualite","category-cameroun"],"_links":{"self":[{"href":"https:\/\/linitiative.ca\/International\/wp-json\/wp\/v2\/posts\/118304","targetHints":{"allow":["GET"]}}],"collection":[{"href":"https:\/\/linitiative.ca\/International\/wp-json\/wp\/v2\/posts"}],"about":[{"href":"https:\/\/linitiative.ca\/International\/wp-json\/wp\/v2\/types\/post"}],"author":[{"embeddable":true,"href":"https:\/\/linitiative.ca\/International\/wp-json\/wp\/v2\/users\/1965"}],"replies":[{"embeddable":true,"href":"https:\/\/linitiative.ca\/International\/wp-json\/wp\/v2\/comments?post=118304"}],"version-history":[{"count":0,"href":"https:\/\/linitiative.ca\/International\/wp-json\/wp\/v2\/posts\/118304\/revisions"}],"wp:attachment":[{"href":"https:\/\/linitiative.ca\/International\/wp-json\/wp\/v2\/media?parent=118304"}],"wp:term":[{"taxonomy":"category","embeddable":true,"href":"https:\/\/linitiative.ca\/International\/wp-json\/wp\/v2\/categories?post=118304"},{"taxonomy":"post_tag","embeddable":true,"href":"https:\/\/linitiative.ca\/International\/wp-json\/wp\/v2\/tags?post=118304"}],"curies":[{"name":"wp","href":"https:\/\/api.w.org\/{rel}","templated":true}]}}