{"id":118305,"date":"2021-06-09T16:18:03","date_gmt":"2021-06-09T20:18:03","guid":{"rendered":"https:\/\/linitiative.ca\/International\/mali-un-nouveau-gouvernement-forme-dici-dimanche-pm\/"},"modified":"2021-06-09T16:18:03","modified_gmt":"2021-06-09T20:18:03","slug":"mali-un-nouveau-gouvernement-forme-dici-dimanche-pm","status":"publish","type":"post","link":"https:\/\/linitiative.ca\/International\/mali-un-nouveau-gouvernement-forme-dici-dimanche-pm\/","title":{"rendered":"Mali : un nouveau gouvernement form\u00e9 d\u2019ici dimanche (Pm)"},"content":{"rendered":"<div readability=\"32\">\n<p>Publi\u00e9 le 09.06.2021 \u00e0 21h18 par APA News<\/p>\n<\/div>\n<div readability=\"109\">\n<p>Le Premier ministre malien, Choguel Kokalla Ma\u00efga, a promis ce mercredi \u00e0 la d\u00e9l\u00e9gation de la C\u00e9d\u00e9ao de d\u00e9voiler la liste de son gouvernement au plus tard le dimanche 13 juin 2021.Les Maliens seront bient\u00f4t \u00e9difi\u00e9s sur la composition de la nouvelle \u00e9quipe gouvernementale qui aura la charge de piloter la transition d\u00e9mocratique.<\/p>\n<p>\u00ab Sauf avis contraire du pr\u00e9sident de la transition, nous avons l\u2019intention, au plus tard dimanche, d\u2019annoncer aux Maliens la composition du gouvernement. Il y aura certes des incompr\u00e9hensions, mais j\u2019ai r\u00e9affirm\u00e9 \u00e0 la d\u00e9l\u00e9gation de la C\u00e9d\u00e9ao, notre ferme volont\u00e9 d\u2019aller dans le sens d\u2019une gouvernance de rupture et par l\u2019exemple. Ce qui suppose le r\u00e9tablissement de la confiance de l\u2019ensemble des Maliens aux autorit\u00e9s de transition \u00bb, a soutenu M. Ma\u00efga.<\/p>\n<p>Il s\u2019exprimait \u00e0 la fin de la visite d\u2019une d\u00e9l\u00e9gation de la Communaut\u00e9 \u00e9conomique des Etats de l\u2019Afrique de l\u2019Ouest (C\u00e9d\u00e9ao) qui a s\u00e9journ\u00e9 \u00e0 Bamako les 8 et 9 juin.<\/p>\n<p>M. Ma\u00efga, nomm\u00e9 Premier ministre lundi dernier par le pr\u00e9sident de la transition, le colonel Assimi Go\u00efta, a insist\u00e9 sur \u00ab la n\u00e9cessit\u00e9 d\u2019une confiance r\u00e9ciproque renouvel\u00e9e entre toutes les autorit\u00e9s de la transition \u00bb.<\/p>\n<p>Ces autorit\u00e9s, a-t-il dit, \u00ab doivent travailler en harmonie et en symbiose pour donner la confiance aux Maliens et r\u00e9tablir l\u2019action politique qui doit \u00eatre dans une articulation intelligente avec les autres composantes de la soci\u00e9t\u00e9, de la soci\u00e9t\u00e9 civile, des op\u00e9rateurs \u00e9conomiques, du monde religieux pour que chacun joue son r\u00f4le\u00a0\u00bb.<\/p>\n<p>\u00ab Dans quelques semaines, on reviendra vers les Maliens \u00e0 travers le Conseil national de transition (CNT) et la communaut\u00e9 internationale pour indiquer les grandes lignes de notre action gouvernementale. Nous avons la ferme volont\u00e9 d\u2019aller au bout de la transition \u00bb, a dit le nouveau Pm malien.<\/p>\n<p>Une fois la confiance r\u00e9tablie entre les Maliens et les autorit\u00e9s de la transition, \u00ab je crois que les partenaires nous tiendrons la main pour nous accompagner \u00bb, a-t-il esp\u00e9r\u00e9.<\/p>\n<p>De son c\u00f4t\u00e9, le pr\u00e9sident de la Commission de la C\u00e9d\u00e9ao, Jean-Claude Kassi Brou, s\u2019est dit rassur\u00e9 par le pr\u00e9sident Go\u00efta et son Premier ministre Ma\u00efga sur le respect de la dur\u00e9e de la transition.<\/p>\n<p>\u00ab Nous avons not\u00e9 l\u2019engagement du Premier ministre sur la n\u00e9cessit\u00e9 d\u2019avoir un gouvernement inclusif. Nous avons salu\u00e9 les concertations qui ont eu lieu depuis quelques jours entre le Premier ministre et les diff\u00e9rentes composantes de la soci\u00e9t\u00e9 civile, les acteurs politiques et les parties prenantes de l\u2019Accord d\u2019Alger. Nous avons not\u00e9 l\u2019importance de mettre en \u0153uvre cet accord et d\u2019avoir un m\u00e9canisme de suivi \u00bb, a dit M. Brou.<\/p>\n<p>A propos de cet Accord d\u2019Alger, sign\u00e9 en 2015 pour mettre fin \u00e0 la guerre au Mali, le chef de la Mission multidimensionnelle int\u00e9gr\u00e9e des Nations unies pour la stabilisation au Mali (Minusma) a estim\u00e9 que la stabilit\u00e9 du pays en d\u00e9pend. \u00ab (\u2026)\u00a0nous travaillons \u00e0 la mise en \u0153uvre de l\u2019accord et nous savons que la stabilit\u00e9 \u00e0 long terme du Mali d\u00e9pend de sa mise en \u0153uvre r\u00e9ussie\u00a0\u00bb, a soutenu El-Ghassim Wane.<\/p>\n<p>Apr\u00e8s avoir pouss\u00e9 le pr\u00e9sident de la transition Bah Ndaw et son Premier ministre Moctar Ouane \u00e0 la d\u00e9mission le 26 mai, le colonel Assimi Go\u00efta a \u00e9t\u00e9 investi, le 7 juin dernier, pr\u00e9sident du Mali.<\/p>\n<\/div>\n<p>Auteur: APA News<br \/>\n<a href=\"https:\/\/www.journalducameroun.com\/mali-un-nouveau-gouvernement-forme-dici-dimanche-pm\/\">Cliquez ici pour lire l&rsquo;article depuis sa source.<\/a><\/p>\n","protected":false},"excerpt":{"rendered":"<p>Publi\u00e9 le 09.06.2021 \u00e0 21h18 par APA News Le Premier ministre malien, Choguel Kokalla Ma\u00efga, a promis ce mercredi \u00e0 la d\u00e9l\u00e9gation de la C\u00e9d\u00e9ao de d\u00e9voiler la liste de son gouvernement au plus tard le dimanche 13 juin 2021.Les Maliens seront bient\u00f4t \u00e9difi\u00e9s sur la composition de la nouvelle \u00e9quipe gouvernementale qui aura la [&hellip;]<\/p>\n","protected":false},"author":1965,"featured_media":0,"comment_status":"closed","ping_status":"closed","sticky":false,"template":"","format":"standard","meta":{"fifu_image_url":"","fifu_image_alt":"","footnotes":""},"categories":[73,82],"tags":[],"class_list":["post-118305","post","type-post","status-publish","format-standard","hentry","category-actualite","category-cameroun"],"_links":{"self":[{"href":"https:\/\/linitiative.ca\/International\/wp-json\/wp\/v2\/posts\/118305","targetHints":{"allow":["GET"]}}],"collection":[{"href":"https:\/\/linitiative.ca\/International\/wp-json\/wp\/v2\/posts"}],"about":[{"href":"https:\/\/linitiative.ca\/International\/wp-json\/wp\/v2\/types\/post"}],"author":[{"embeddable":true,"href":"https:\/\/linitiative.ca\/International\/wp-json\/wp\/v2\/users\/1965"}],"replies":[{"embeddable":true,"href":"https:\/\/linitiative.ca\/International\/wp-json\/wp\/v2\/comments?post=118305"}],"version-history":[{"count":0,"href":"https:\/\/linitiative.ca\/International\/wp-json\/wp\/v2\/posts\/118305\/revisions"}],"wp:attachment":[{"href":"https:\/\/linitiative.ca\/International\/wp-json\/wp\/v2\/media?parent=118305"}],"wp:term":[{"taxonomy":"category","embeddable":true,"href":"https:\/\/linitiative.ca\/International\/wp-json\/wp\/v2\/categories?post=118305"},{"taxonomy":"post_tag","embeddable":true,"href":"https:\/\/linitiative.ca\/International\/wp-json\/wp\/v2\/tags?post=118305"}],"curies":[{"name":"wp","href":"https:\/\/api.w.org\/{rel}","templated":true}]}}