{"id":118306,"date":"2021-06-09T16:18:03","date_gmt":"2021-06-09T20:18:03","guid":{"rendered":"https:\/\/linitiative.ca\/International\/retour-gbagbo-aucune-restriction-soulevee-selon-katinan\/"},"modified":"2021-06-09T16:18:03","modified_gmt":"2021-06-09T20:18:03","slug":"retour-gbagbo-aucune-restriction-soulevee-selon-katinan","status":"publish","type":"post","link":"https:\/\/linitiative.ca\/International\/retour-gbagbo-aucune-restriction-soulevee-selon-katinan\/","title":{"rendered":"Retour Gbagbo: \u00ab\u00a0aucune restriction soulev\u00e9e\u00a0\u00bb, selon Katinan"},"content":{"rendered":"<div readability=\"32\">\n<p>Publi\u00e9 le 09.06.2021 \u00e0 21h18 par APA News<\/p>\n<\/div>\n<div readability=\"98\">\n<p>Kon\u00e9 Katinan, porte-parole de Laurent Gbagbo et charg\u00e9 de la communication du Comit\u00e9 op\u00e9rationnel pour le retour de l\u2019ex-pr\u00e9sident ivoirien au pays, a assur\u00e9 mercredi qu\u2019il n\u2019y a \u00ab\u00a0aucune restriction soulev\u00e9e\u00a0\u00bb quant \u00e0 son retour, souhaitant \u00ab\u00a0un accueil visible\u00a0\u00bb.<\/p>\n<p>\u00ab\u00a0Aucune restriction n\u2019a \u00e9t\u00e9 soulev\u00e9e par rapport \u00e0 l\u2019accueil de Laurent Gbagbo\u00a0\u00bb, notamment par l\u2019Etat \u00ab\u00a0notre partenaire\u00a0\u00bb, a d\u00e9clar\u00e9 M. Kon\u00e9 Katinan, ajoutant \u00ab\u00a0on souhaite que ce soit un accueil visible\u00a0\u00bb, lors d\u2019une rencontre avec la presse \u00e9trang\u00e8re \u00e0 Abidjan.<\/p>\n<p>M. Katinan a pr\u00e9cis\u00e9 que l\u2019ex-pr\u00e9sident ivoirien, acquitt\u00e9 le 31 mars 2021 par la Cour p\u00e9nale internationale (CPI), dans l\u2019affaire de crimes contre l\u2019humanit\u00e9 perp\u00e9tr\u00e9e lors de la crise post\u00e9lectorale ivoirienne de 2010-2011, arrive \u00e0 l\u2019a\u00e9roport d\u2019Abidjan le 17 juin 2021 \u00e0 14h30 GMT (heure locale).<\/p>\n<p>\u00ab\u00a0On souhaite que quelqu\u2019un au sommet de l\u2019Etat soit l\u00e0\u00a0\u00bb \u00e0 l\u2019arriv\u00e9e de M. Gbagbo, a lanc\u00e9 M. Katinan Kon\u00e9, ancien ministre du Budget de l\u2019ex-pr\u00e9sident ivoirien, qui veut \u00e9galement que son mentor prenne la parole \u00e0 l\u2019a\u00e9roport.<\/p>\n<p>\u00ab\u00a0Qu\u2019on le veuille ou non, la politique en C\u00f4te d\u2019Ivoire est cristallis\u00e9e autour de trois personnalit\u00e9s, M. Gbagbo, M. Alassane Ouattara et M. Henri Konan B\u00e9di\u00e9\u00a0\u00bb, a soutenu M. Kon\u00e9 Katinan, rassurant que son mentor arrive dans un \u00ab\u00a0esprit de paix et de r\u00e9conciliation\u00a0\u00bb.<\/p>\n<p>Concernant l\u2019affaire de la \u00ab\u00a0casse de la Bceao, j\u2019ai \u00e9t\u00e9 amnisti\u00e9\u00a0\u00bb, a dit M. Katinan Kon\u00e9, qui est rentr\u00e9 en C\u00f4te d\u2019Ivoire apr\u00e8s dix ans d\u2019exil au Ghana. Il a laiss\u00e9 entendre que tous les faits sont amnisti\u00e9s sauf pour des personnes selon leur statut et \u00ab\u00a0ceux qui font face \u00e0 la justice internationale\u00a0\u00bb.<\/p>\n<p>M. Gbagbo \u00e9tant acquitt\u00e9 par la CPI on peut \u00ab\u00a0conclure que lorsque cette circonstance n\u2019existe plus\u00a0\u00bb de facto aucune charge ne p\u00e8se contre lui, a-t-il poursuivi, estimant que la condamnation \u00e0 20 ans de prison visant l\u2019ex-pr\u00e9sident au sujet de la casse de la Bceao est \u00ab\u00a0politique\u00a0\u00bb.<\/p>\n<p>R\u00e9pondant \u00e0 une question sur le retour de Charles Bl\u00e9 Goud\u00e9, co-accus\u00e9 de M. Gbagbo, M. Katinan Kon\u00e9 a fait savoir qu\u2019il fait la proc\u00e9dure de ses papiers pour rentrer en C\u00f4te d\u2019Ivoire. D\u2019ailleurs, si M. Gbagbo arrive, la voie lui est largement ouverte.<\/p>\n<p>S\u2019adressant \u00e0 ceux qui s\u2019opposent au retour de M. Gbagbo, il a martel\u00e9 que \u00ab\u00a0personne n\u2019a le droit de condamnation sur Laurent Gbagbo et un ivoirien\u00a0\u00bb, les invitant au respect de la d\u00e9cision de la juridiction l\u00e9gale. \u00a0\u00a0<\/p>\n<\/div>\n<p>Auteur: APA News<br \/>\n<a href=\"https:\/\/www.journalducameroun.com\/retour-gbagbo-aucune-restriction-soulevee-selon-katinan\/\">Cliquez ici pour lire l&rsquo;article depuis sa source.<\/a><\/p>\n","protected":false},"excerpt":{"rendered":"<p>Publi\u00e9 le 09.06.2021 \u00e0 21h18 par APA News Kon\u00e9 Katinan, porte-parole de Laurent Gbagbo et charg\u00e9 de la communication du Comit\u00e9 op\u00e9rationnel pour le retour de l\u2019ex-pr\u00e9sident ivoirien au pays, a assur\u00e9 mercredi qu\u2019il n\u2019y a \u00ab\u00a0aucune restriction soulev\u00e9e\u00a0\u00bb quant \u00e0 son retour, souhaitant \u00ab\u00a0un accueil visible\u00a0\u00bb. \u00ab\u00a0Aucune restriction n\u2019a \u00e9t\u00e9 soulev\u00e9e par rapport \u00e0 [&hellip;]<\/p>\n","protected":false},"author":1965,"featured_media":0,"comment_status":"closed","ping_status":"closed","sticky":false,"template":"","format":"standard","meta":{"fifu_image_url":"","fifu_image_alt":"","footnotes":""},"categories":[73,82],"tags":[],"class_list":["post-118306","post","type-post","status-publish","format-standard","hentry","category-actualite","category-cameroun"],"_links":{"self":[{"href":"https:\/\/linitiative.ca\/International\/wp-json\/wp\/v2\/posts\/118306","targetHints":{"allow":["GET"]}}],"collection":[{"href":"https:\/\/linitiative.ca\/International\/wp-json\/wp\/v2\/posts"}],"about":[{"href":"https:\/\/linitiative.ca\/International\/wp-json\/wp\/v2\/types\/post"}],"author":[{"embeddable":true,"href":"https:\/\/linitiative.ca\/International\/wp-json\/wp\/v2\/users\/1965"}],"replies":[{"embeddable":true,"href":"https:\/\/linitiative.ca\/International\/wp-json\/wp\/v2\/comments?post=118306"}],"version-history":[{"count":0,"href":"https:\/\/linitiative.ca\/International\/wp-json\/wp\/v2\/posts\/118306\/revisions"}],"wp:attachment":[{"href":"https:\/\/linitiative.ca\/International\/wp-json\/wp\/v2\/media?parent=118306"}],"wp:term":[{"taxonomy":"category","embeddable":true,"href":"https:\/\/linitiative.ca\/International\/wp-json\/wp\/v2\/categories?post=118306"},{"taxonomy":"post_tag","embeddable":true,"href":"https:\/\/linitiative.ca\/International\/wp-json\/wp\/v2\/tags?post=118306"}],"curies":[{"name":"wp","href":"https:\/\/api.w.org\/{rel}","templated":true}]}}