{"id":118308,"date":"2021-06-09T11:57:29","date_gmt":"2021-06-09T15:57:29","guid":{"rendered":"https:\/\/linitiative.ca\/International\/marches-publics-le-minmap-suspend-40-entreprises-pour-deux-ans\/"},"modified":"2021-06-09T11:57:29","modified_gmt":"2021-06-09T15:57:29","slug":"marches-publics-le-minmap-suspend-40-entreprises-pour-deux-ans","status":"publish","type":"post","link":"https:\/\/linitiative.ca\/International\/marches-publics-le-minmap-suspend-40-entreprises-pour-deux-ans\/","title":{"rendered":"March\u00e9s publics : le Minmap suspend 40 entreprises pour deux ans"},"content":{"rendered":"<p>Le ministre des March\u00e9s Publics, Ibrahim Talba Malla, vient de frapper du poing sur la table. Dans son communiqu\u00e9 paru ce 08 juin 2021, dans les colonnes du quotidien national Cameroon Tribune, le membre du Gouvernement dresse une liste des 40 entreprises, dont les contrats ont \u00e9t\u00e9 r\u00e9sili\u00e9s. \u00ab En application des dispositions combin\u00e9es des articles 182 et 184 du d\u00e9cret 2019\/366 du 20 juin 2018 portant Code des March\u00e9s Publics, les march\u00e9s ayant fait l\u2019objet d\u2019abandon au cours des exercices 2018 et 2019 (\u2026) sont, pour compter de la date de signature de la pr\u00e9sente d\u00e9cision, r\u00e9sili\u00e9s aux torts, frais et risques des entreprises titulaires \u00bb, indique le ministre des March\u00e9 Publics. Elles sont \u00e9pingl\u00e9es pour \u00ab abandon des travaux ; pas de mobilisation sur le terrain ; travaux jamais engag\u00e9s ; travaux en arr\u00eat au cha\u00eenage ; travaux jamais d\u00e9marr\u00e9s\u2026\u00bb, rel\u00e8ve le communique du ministre.<\/p>\n<p><strong>Lire aussi<\/strong> : <strong><a href=\"https:\/\/ecomatin.net\/commande-publiques-7201-marches-publics-a-gagner-en-2021\/\">Commande publiques : 7201 march\u00e9s publics \u00e0 gagner en 2021<\/a><\/strong><\/p>\n<p>Il s\u2019agit \u00e0 l\u2019occurrence, pour la r\u00e9gion de l\u2019Adamaoua, de l\u2019Ets Fipal, adjudicataire d\u2019un march\u00e9 relatif \u00e0 la construction d\u2019un parc vaccinog\u00e8ne \u00e0 Labbare Seyni, dans la commune de Banyo. La date de d\u00e9marrage des prestations avait \u00e9t\u00e9 fix\u00e9e au 03 avril 2020, mais \u00e0 ce jour, le taux de r\u00e9alisation est de 00%. Dans la m\u00eame fourchette, toujours dans la r\u00e9gion de l\u2019Adamaoua, l\u2019Ets Oumarou Bala, attributaire du march\u00e9 relatif, aux travaux de r\u00e9habilitation de la route nationale N\u00b06 entre les carrefours An 2000 et Mayo Wouta avec traitement des accotements dans la ville de Banyo. La date pr\u00e9vue au d\u00e9marrage des travaux avait \u00e9t\u00e9 fix\u00e9e au 24 juin 2019, et depuis lors ils n\u2019ont \u00e9t\u00e9 r\u00e9alis\u00e9s qu\u2019\u00e0 30%.<\/p>\n<p>Dans la r\u00e9gion de l\u2019Est, le projet de construction d\u2019une case communautaire \u00e0 Baoela dans la commune de Nguelemendouka, avait \u00e9t\u00e9 attribu\u00e9 \u00e0 l\u2019Ets Akom and Sons\u2019s Ltd. La date de d\u00e9marrage des travaux \u00e9tait \u00e9tablie au 3 mai 2018, mais le taux de r\u00e9alisation aujourd\u2019hui est de 00%.<\/p>\n<p><strong>Lire aussi<\/strong> : <strong><a href=\"https:\/\/ecomatin.net\/commande-publique-142-marches-publics-resilies-par-le-minmap\/\">Commande publique : 142 march\u00e9s publics r\u00e9sili\u00e9s par le Minmap<\/a><\/strong><\/p>\n<p>Elles sont ainsi 40 entreprises qui ont subi le courroux du ministre des March\u00e9s Publics. Au vu de la l\u00e9g\u00e8ret\u00e9 et conform\u00e9ment aux dispositions de l\u2019article 184 du d\u00e9cret 2018\/366 du 20 juin 2018 susvis\u00e9, ces soci\u00e9t\u00e9s sont interdites de soumission \u00e0 la commande publique pour une dur\u00e9e de deux ans. \u00ab Pendant la p\u00e9riode d\u2019interdiction, les entreprises concern\u00e9es ne peuvent faire acte de candidature ni co-traiter ou sous-traiter tout ou partie des prestations objet de la commande publique, sauf d\u00e9rogation sp\u00e9ciale exclusivement accord\u00e9e par le Ministre charg\u00e9 des march\u00e9s publics \u00bb, notifie Ibrahim Talla Malla.<\/p>\n<p><strong>Lire aussi<\/strong> : <strong><a href=\"https:\/\/ecomatin.net\/marche-publics-plus-de-150-milliards-de-fcfa-a-gagner-dans-les-communes\/\">March\u00e9 publics : plus de 150 milliards de Fcfa \u00e0 gagner dans les communes<\/a><\/strong><\/p>\n<p>Auteur: Amina MALLOUM<br \/>\n<a href=\"https:\/\/ecomatin.net\/marches-publics-le-minmap-suspend-40-entreprisess-pour-deux-ans\/\">Cliquez ici pour lire l&rsquo;article depuis sa source.<\/a><\/p>\n","protected":false},"excerpt":{"rendered":"<p>Le ministre des March\u00e9s Publics, Ibrahim Talba Malla, vient de frapper du poing sur la table. Dans son communiqu\u00e9 paru ce 08 juin 2021, dans les colonnes du quotidien national Cameroon Tribune, le membre du Gouvernement dresse une liste des 40 entreprises, dont les contrats ont \u00e9t\u00e9 r\u00e9sili\u00e9s. \u00ab En application des dispositions combin\u00e9es des [&hellip;]<\/p>\n","protected":false},"author":1969,"featured_media":0,"comment_status":"closed","ping_status":"closed","sticky":false,"template":"","format":"standard","meta":{"fifu_image_url":"","fifu_image_alt":"","footnotes":""},"categories":[82,78],"tags":[],"class_list":["post-118308","post","type-post","status-publish","format-standard","hentry","category-cameroun","category-economie"],"_links":{"self":[{"href":"https:\/\/linitiative.ca\/International\/wp-json\/wp\/v2\/posts\/118308","targetHints":{"allow":["GET"]}}],"collection":[{"href":"https:\/\/linitiative.ca\/International\/wp-json\/wp\/v2\/posts"}],"about":[{"href":"https:\/\/linitiative.ca\/International\/wp-json\/wp\/v2\/types\/post"}],"author":[{"embeddable":true,"href":"https:\/\/linitiative.ca\/International\/wp-json\/wp\/v2\/users\/1969"}],"replies":[{"embeddable":true,"href":"https:\/\/linitiative.ca\/International\/wp-json\/wp\/v2\/comments?post=118308"}],"version-history":[{"count":0,"href":"https:\/\/linitiative.ca\/International\/wp-json\/wp\/v2\/posts\/118308\/revisions"}],"wp:attachment":[{"href":"https:\/\/linitiative.ca\/International\/wp-json\/wp\/v2\/media?parent=118308"}],"wp:term":[{"taxonomy":"category","embeddable":true,"href":"https:\/\/linitiative.ca\/International\/wp-json\/wp\/v2\/categories?post=118308"},{"taxonomy":"post_tag","embeddable":true,"href":"https:\/\/linitiative.ca\/International\/wp-json\/wp\/v2\/tags?post=118308"}],"curies":[{"name":"wp","href":"https:\/\/api.w.org\/{rel}","templated":true}]}}