{"id":118312,"date":"2021-06-09T16:00:23","date_gmt":"2021-06-09T20:00:23","guid":{"rendered":"https:\/\/linitiative.ca\/International\/assemblee-nationale-cavaye-yeguie-djibril-confie-sa-securite-a-son-fils\/"},"modified":"2021-06-09T16:00:23","modified_gmt":"2021-06-09T20:00:23","slug":"assemblee-nationale-cavaye-yeguie-djibril-confie-sa-securite-a-son-fils","status":"publish","type":"post","link":"https:\/\/linitiative.ca\/International\/assemblee-nationale-cavaye-yeguie-djibril-confie-sa-securite-a-son-fils\/","title":{"rendered":"Assembl\u00e9e nationale : Cavaye Y\u00e9gui\u00e9 Djibril confie sa s\u00e9curit\u00e9 \u00e0 son fils"},"content":{"rendered":"<div class=\"entry-content entry clearfix\" readability=\"56.63539445629\">\n<p>Le pr\u00e9sident de la Chambre Basse du Parlement a d\u00e9cid\u00e9 le 4 juin dernier de confier deux postes \u00e0 son fils au sein de l\u2019Institution qu\u2019il pr\u00e9side.\u00a0\u00a0Il\u00a0\u00a0a ainsi remis \u00e0 son rejeton les postes d\u2019Attach\u00e9 de cabinet et de Chef de s\u00e9curit\u00e9. \u00ab\u00a0<em>Le Lieutenant Ibrahim Y\u00e9gui\u00e9 Djibril\u2026pr\u00e9c\u00e9demment en service au Groupe d\u2019escadron n\u00b03, Escadron\u00a0<a href=\"https:\/\/www.google.com\/maps\/search\/mobile+n%C2%B030?entry=gmail&amp;source=g\" target=\"_blank\" rel=\"noreferrer noopener\">mobile n\u00b030<\/a>, Peloton Mobile N\u00b0303, est pour compter de la date de signature du pr\u00e9sent arr\u00eat\u00e9 pr\u00e9sidentiel, nomm\u00e9 Attach\u00e9 de cabinet cumulativement avec les fonctions de Chef de s\u00e9curit\u00e9 du pr\u00e9sident de l\u2019Assembl\u00e9e nationale , en remplacement du Capitaine Fede Laraba remis \u00e0 son administration d\u2019origine\u00a0\u00bb\u00a0<\/em>indique l\u2019arr\u00eat\u00e9 pr\u00e9sidentiel.<\/p>\n<p>Au sein de la Chambre Basse du Parlement, le renvoi de l\u2019ancien Chef de s\u00e9curit\u00e9 du Pan \u00e0 son administration d\u2019origine n\u2019est pas mal vu. L\u2019on explique cela par une demande introduite par le Capitaine Febe Laraba lui-m\u00eame dans ce sens.<\/p>\n<p>La nomination du Lieutenant Ibrahim Y\u00e9gui\u00e9 Djibril par son g\u00e9niteur ne surprend pas.\u00a0\u00a0La Chambre Basse du Parlement est r\u00e9put\u00e9e\u00a0\u00a0abriter un grand nombre de membres de la famille de l\u2019originaire de Mada dans la r\u00e9gion de l\u2019Extr\u00eame-Nord. D\u2019ailleurs, en 2015, le pr\u00e9sident de l\u2019Assembl\u00e9e nationale avait accus\u00e9 son neveu, alors son propre garde du corps, d\u2019avoir proc\u00e9d\u00e9 \u00e0 une tentative d\u2019enl\u00e8vement. Il accusait le Capitaine Bouba Simala \u00ab\u00a0<em>d\u2019actes de terrorisme, d\u2019incitation au braquage et \u00e0 l\u2019enl\u00e8vement\u00a0\u00bb.\u00a0\u00a0<\/em>Ce dernier avait alors \u00e9t\u00e9 traduit devant le Tribunal militaire de Yaound\u00e9. La Pan avait finalement d\u00e9clar\u00e9, apr\u00e8s 3 ans de proc\u00e8s, ne pas avoir port\u00e9 plainte \u00e0 son neveu. Il assurait alors avoir juste attir\u00e9 l\u2019attention de l\u2019administration d\u2019origine (ndlr Mindef) de Bouba Simala sur ses \u00ab\u00a0actes r\u00e9pr\u00e9hensibles\u00a0\u00bb.<\/p>\n<p><strong>Ren\u00e9 Ombala<\/strong><\/p>\n<\/div>\n<div class=\"toggle-post-content clearfix\"><a id=\"toggle-post-button\" class=\"button\" href=\"#\">Afficher plus <\/a><\/div>\n<p>Auteur: EcoMatin<br \/>\n<a href=\"https:\/\/ecomatin.net\/assemblee-nationale-cavaye-yeguie-djibril-confie-sa-securite-a-son-fils\/\">Cliquez ici pour lire l&rsquo;article depuis sa source.<\/a><\/p>\n","protected":false},"excerpt":{"rendered":"<p>Le pr\u00e9sident de la Chambre Basse du Parlement a d\u00e9cid\u00e9 le 4 juin dernier de confier deux postes \u00e0 son fils au sein de l\u2019Institution qu\u2019il pr\u00e9side.\u00a0\u00a0Il\u00a0\u00a0a ainsi remis \u00e0 son rejeton les postes d\u2019Attach\u00e9 de cabinet et de Chef de s\u00e9curit\u00e9. \u00ab\u00a0Le Lieutenant Ibrahim Y\u00e9gui\u00e9 Djibril\u2026pr\u00e9c\u00e9demment en service au Groupe d\u2019escadron n\u00b03, Escadron\u00a0mobile n\u00b030, [&hellip;]<\/p>\n","protected":false},"author":1969,"featured_media":0,"comment_status":"closed","ping_status":"closed","sticky":false,"template":"","format":"standard","meta":{"fifu_image_url":"","fifu_image_alt":"","footnotes":""},"categories":[82,78],"tags":[],"class_list":["post-118312","post","type-post","status-publish","format-standard","hentry","category-cameroun","category-economie"],"_links":{"self":[{"href":"https:\/\/linitiative.ca\/International\/wp-json\/wp\/v2\/posts\/118312","targetHints":{"allow":["GET"]}}],"collection":[{"href":"https:\/\/linitiative.ca\/International\/wp-json\/wp\/v2\/posts"}],"about":[{"href":"https:\/\/linitiative.ca\/International\/wp-json\/wp\/v2\/types\/post"}],"author":[{"embeddable":true,"href":"https:\/\/linitiative.ca\/International\/wp-json\/wp\/v2\/users\/1969"}],"replies":[{"embeddable":true,"href":"https:\/\/linitiative.ca\/International\/wp-json\/wp\/v2\/comments?post=118312"}],"version-history":[{"count":0,"href":"https:\/\/linitiative.ca\/International\/wp-json\/wp\/v2\/posts\/118312\/revisions"}],"wp:attachment":[{"href":"https:\/\/linitiative.ca\/International\/wp-json\/wp\/v2\/media?parent=118312"}],"wp:term":[{"taxonomy":"category","embeddable":true,"href":"https:\/\/linitiative.ca\/International\/wp-json\/wp\/v2\/categories?post=118312"},{"taxonomy":"post_tag","embeddable":true,"href":"https:\/\/linitiative.ca\/International\/wp-json\/wp\/v2\/tags?post=118312"}],"curies":[{"name":"wp","href":"https:\/\/api.w.org\/{rel}","templated":true}]}}