{"id":118314,"date":"2021-06-10T10:00:14","date_gmt":"2021-06-10T14:00:14","guid":{"rendered":"https:\/\/linitiative.ca\/International\/ondh-la-pauvrete-concerne-un-marocain-sur-deux\/"},"modified":"2021-06-10T10:00:14","modified_gmt":"2021-06-10T14:00:14","slug":"ondh-la-pauvrete-concerne-un-marocain-sur-deux","status":"publish","type":"post","link":"https:\/\/linitiative.ca\/International\/ondh-la-pauvrete-concerne-un-marocain-sur-deux\/","title":{"rendered":"ONDH : La pauvret\u00e9 concerne un Marocain sur deux"},"content":{"rendered":"<figure class=\"post-thumbnail\" itemprop=\"associatedMedia\" itemscope=\"itemscope\" itemtype=\"http:\/\/schema.org\/ImageObject\"><img decoding=\"async\" class=\"post_layout_5_img\" src=\"http:\/\/aujourdhui.ma\/wp-content\/uploads\/2018\/03\/ONDH-.jpg\" alt=\"ONDH : La pauvret\u00e9 concerne un Marocain sur deux\"\/><\/figure>\n<p><span class=\"c6\"><strong>Le taux de pauvret\u00e9 absolue a recul\u00e9 de 14,1% en 18 ans<\/strong><\/span><span id=\"more-378744\"\/><\/p>\n<p>L\u2019Observatoire national du d\u00e9veloppement humain (ONDH) a organis\u00e9 le 8 juin un webinaire destin\u00e9 \u00e0 la pr\u00e9sentation des r\u00e9sultats de l\u2019\u00e9tude sur \u00abLa Dynamique de la pauvret\u00e9 au Maroc\u00bb. Il ressort de cette \u00e9tude que le taux de pauvret\u00e9 absolue a recul\u00e9 au Maroc. L\u2019exploitation des donn\u00e9es issues des cinq premi\u00e8res vagues de l\u2019enqu\u00eate de panel des m\u00e9nages de l\u2019ONDH entre 2012 et 2019 a montr\u00e9 que le taux de pauvret\u00e9 absolue est pass\u00e9 de 15,3% en 2001 \u00e0 1,2% en 2019 au niveau national. Le taux de pauvret\u00e9 relative a \u00e9galement baiss\u00e9 entre 2001 et 2019 en passant de 20,4% \u00e0 17,7%. Cela dit, ce taux continue d\u2019\u00eatre \u00e9lev\u00e9 en milieu rural o\u00f9 il a atteint 36,8% en 2019. En revanche, l\u2019incidence de la pauvret\u00e9 relative a recul\u00e9 de 2,6 points en milieu urbain, en passant 9% \u00e0 6,4%. A noter que le taux de pauvret\u00e9 relative est la proportion des individus dont la d\u00e9pense annuelle moyenne par personne se situe au-dessous du seuil estim\u00e9 \u00e0 14.667,74 DH. En 2019, pr\u00e8s de 45% des Marocains se consid\u00e8rent subjectivement pauvres (38,6% dans le milieu urbain et 58,4% dans le milieu rural).<\/p>\n<p>De plus, la pauvret\u00e9 subjective affecte l\u2019ensemble des classes sociales du pays mais \u00e0 des niveaux diff\u00e9rents. Le taux de pauvret\u00e9 subjective a \u00e9t\u00e9 55,7% parmi les 20% les plus pauvres (le premier quintile) et 26,7% parmi les 20% les plus ais\u00e9s (le cinqui\u00e8me quintile). Selon l\u2019ONDH, la pauvret\u00e9, une exp\u00e9rience qui concerne un Marocain sur deux. Les r\u00e9sultats tir\u00e9s de l\u2019enqu\u00eate panel de m\u00e9nages de l\u2019ONDH montrent qu\u2019au niveau national, 48,5% de la population a connu au moins une fois une exp\u00e9rience de pauvret\u00e9 entre 2012 et 2019. De m\u00eame, 18,2% des individus ont \u00e9t\u00e9, entre 2012 et 2019, en situation de pauvret\u00e9 chronique (34,4% en milieu rural contre 5,5% en milieu urbain). Quant \u00e0 la pauvret\u00e9 transitoire, elle a concern\u00e9 30,3% des individus au niveau national (21,9% citadins contre 41,3% ruraux).<\/p>\n<p>Par ailleurs, l\u2019\u00e9tude des mouvements \u00e0 travers le seuil de pauvret\u00e9 relative entre 2012 et 2019 montre qu\u2019un individu pauvre a plus de chance de sortir de la pauvret\u00e9 que de le rester (55,7% contre 43,3%). Un individu non pauvre a plus de chance de rester non pauvre (86,3%) que de tomber en pauvret\u00e9 (13,7%). L\u2019approche longitudinale retenue dans cette analyse permet d\u2019\u00e9clairer les facteurs d\u00e9terminants de l\u2019entr\u00e9e en pauvret\u00e9. Ainsi, l\u2019analyse \u00e9conom\u00e9trique a r\u00e9v\u00e9l\u00e9 que la composition familiale (nombre d\u2019enfants, monoparentalit\u00e9, etc.), la situation dans l\u2019emploi et le niveau de scolarit\u00e9 de l\u2019individu ou du chef du m\u00e9nage auquel il appartient constituent des facteurs cl\u00e9s d\u2019entr\u00e9e dans la pauvret\u00e9 relative.<\/p>\n<p>De m\u00eame, par rapport \u00e0 l\u2019\u00e9chantillon observ\u00e9 entre 2012 et 2019, le fait de conna\u00eetre une premi\u00e8re exp\u00e9rience de pauvret\u00e9 accro\u00eet les risques d\u2019entr\u00e9e \u00e0 nouveau en pauvret\u00e9.<\/p>\n<p>Auteur: ALM<br \/>\n<a href=\"https:\/\/aujourdhui.ma\/societe\/ondh-la-pauvrete-concerne-un-marocain-sur-deux\">Cliquez ici pour lire l&rsquo;article depuis sa source.<\/a><\/p>\n","protected":false},"excerpt":{"rendered":"<p>Le taux de pauvret\u00e9 absolue a recul\u00e9 de 14,1% en 18 ans L\u2019Observatoire national du d\u00e9veloppement humain (ONDH) a organis\u00e9 le 8 juin un webinaire destin\u00e9 \u00e0 la pr\u00e9sentation des r\u00e9sultats de l\u2019\u00e9tude sur \u00abLa Dynamique de la pauvret\u00e9 au Maroc\u00bb. Il ressort de cette \u00e9tude que le taux de pauvret\u00e9 absolue a recul\u00e9 au [&hellip;]<\/p>\n","protected":false},"author":1759,"featured_media":0,"comment_status":"closed","ping_status":"closed","sticky":false,"template":"","format":"standard","meta":{"fifu_image_url":"http:\/\/aujourdhui.ma\/wp-content\/uploads\/2018\/03\/ONDH-.jpg","fifu_image_alt":"ONDH : La pauvret\u00e9 concerne un Marocain sur deux","footnotes":""},"categories":[73,54],"tags":[],"class_list":["post-118314","post","type-post","status-publish","format-standard","hentry","category-actualite","category-maroc"],"_links":{"self":[{"href":"https:\/\/linitiative.ca\/International\/wp-json\/wp\/v2\/posts\/118314","targetHints":{"allow":["GET"]}}],"collection":[{"href":"https:\/\/linitiative.ca\/International\/wp-json\/wp\/v2\/posts"}],"about":[{"href":"https:\/\/linitiative.ca\/International\/wp-json\/wp\/v2\/types\/post"}],"author":[{"embeddable":true,"href":"https:\/\/linitiative.ca\/International\/wp-json\/wp\/v2\/users\/1759"}],"replies":[{"embeddable":true,"href":"https:\/\/linitiative.ca\/International\/wp-json\/wp\/v2\/comments?post=118314"}],"version-history":[{"count":0,"href":"https:\/\/linitiative.ca\/International\/wp-json\/wp\/v2\/posts\/118314\/revisions"}],"wp:attachment":[{"href":"https:\/\/linitiative.ca\/International\/wp-json\/wp\/v2\/media?parent=118314"}],"wp:term":[{"taxonomy":"category","embeddable":true,"href":"https:\/\/linitiative.ca\/International\/wp-json\/wp\/v2\/categories?post=118314"},{"taxonomy":"post_tag","embeddable":true,"href":"https:\/\/linitiative.ca\/International\/wp-json\/wp\/v2\/tags?post=118314"}],"curies":[{"name":"wp","href":"https:\/\/api.w.org\/{rel}","templated":true}]}}