{"id":118318,"date":"2021-06-09T14:00:00","date_gmt":"2021-06-09T18:00:00","guid":{"rendered":"https:\/\/linitiative.ca\/International\/lapprobation-du-nmd-une-occasion-pour-la-consolidation-du-processus-democratique\/"},"modified":"2021-06-09T14:00:00","modified_gmt":"2021-06-09T18:00:00","slug":"lapprobation-du-nmd-une-occasion-pour-la-consolidation-du-processus-democratique","status":"publish","type":"post","link":"https:\/\/linitiative.ca\/International\/lapprobation-du-nmd-une-occasion-pour-la-consolidation-du-processus-democratique\/","title":{"rendered":"L\u2019approbation du NMD, une occasion pour la consolidation du processus d\u00e9mocratique"},"content":{"rendered":"<p class=\"has-text-align-center has-vivid-cyan-blue-color has-text-color\"><strong>Communiqu\u00e9 du bureau politique du PPS<\/strong><\/p>\n<p class=\"has-vivid-purple-color has-text-color\"><strong>Le bureau politique du Parti du Progr\u00e8s et du Socialisme a tenu, mardi 8 juin 2021, sa r\u00e9union hebdomadaire et examin\u00e9 de nombreuses questions politiques.<\/strong><\/p>\n<p>Au d\u00e9but de sa r\u00e9union, le bureau politique s\u2019est f\u00e9licit\u00e9 du climat positif ayant pr\u00e9valu lors de la r\u00e9ception par le Parti du Progr\u00e8s et du Socialisme d\u2019une d\u00e9l\u00e9gation de la Commission Sp\u00e9ciale sur le Mod\u00e8le de D\u00e9veloppement. La rencontre a \u00e9t\u00e9 marqu\u00e9e par un \u00e9change constructif autour de l\u2019important contenu du mod\u00e8le alternatif et de ses grandes orientations.<\/p>\n<p>Dans ce cadre, le bureau politique a exprim\u00e9 l\u2019aspiration \u00e0 ce que l\u2019actuelle dynamique constitue le pr\u00e9lude \u00e0 une s\u00e9rie de r\u00e9formes fortes \u00e0 caract\u00e8re \u00e9conomique, social, culturel et environnemental et un nouveau d\u00e9part de notre pays dans sa qu\u00eate interd\u00e9pendante et interactive vers le d\u00e9veloppement et la d\u00e9mocratie, tels que consacr\u00e9s par la Constitution de 2011. \u00a0<\/p>\n<p>Le bureau politique a \u00e9mis de nouveau l\u2019espoir que cette \u00e9tape marque un moment national et mobilisateur, renforc\u00e9 par le lancement d\u2019un souffle d\u00e9mocratique nouveau dans notre pays, \u00e0 travers l\u2019instauration d\u2019un climat de d\u00e9tente politique et de cons\u00e9cration des droits humains et d\u2019\u00e9largissement de l\u2019espace des libert\u00e9s individuelles et collectives, \u00e0 m\u00eame de r\u00e9tablir la confiance et la cr\u00e9dibilit\u00e9 et d\u2019assurer la r\u00e9conciliation de la soci\u00e9t\u00e9 avec les affaires publiques. Le bureau politique consid\u00e8re que ces objectifs sont \u00e0 m\u00eame de constituer le fondement d\u2019un pacte politique et social nouveau, dont les principes et les ambitions constituent le socle regroupant tous les acteurs et en particulier les partis politiques, dont il faut renforcer le r\u00f4le afin qu\u2019ils puissent s\u2019acquitter de leurs missions constitutionnelles dans un cadre de concurrence id\u00e9ologique, politique et programmatique, loyale et \u00e9quitable, au sein d\u2019un espace politique solide et sain qui consacre les conditions du succ\u00e8s du nouveau mod\u00e8le de d\u00e9veloppement.\u00a0 \u00a0\u00a0\u00a0\u00a0\u00a0<\/p>\n<p>Par ailleurs, le bureau politique a fustig\u00e9 la tentative de certains milieux espagnols d\u2019instrumentaliser l\u2019\u00e9migration des mineurs, au sujet de laquelle le Maroc a exprim\u00e9 une position positive et claire, pour d\u00e9tourner l\u2019attention sur les raisons v\u00e9ritables de la crise politique bilat\u00e9rale, due \u00e0 la n\u00e9gation par l\u2019Espagne de la confiance marocaine et aux graves pr\u00e9judices que cela a caus\u00e9s aux principes et aux valeurs de la coop\u00e9ration et du bon voisinage.<\/p>\n<p>Dans ce cadre, le bureau politique a exprim\u00e9 son d\u00e9sappointement et son refus de l\u2019action men\u00e9e par certains milieux au sein du Parlement europ\u00e9en pour instrumentaliser la question de l\u2019\u00e9migration clandestine en g\u00e9n\u00e9ral, et celle des mineurs en particulier, dans cette crise strictement bilat\u00e9rale. Le bureau politique consid\u00e8re que de telles man\u0153uvres contreproductives ne contribueront pas \u00e0 la consolidation des relations de l\u2019Europe avec le Maroc. Elles n\u2019emp\u00eacheront pas le Maroc de poursuivre la d\u00e9fense, la consolidation et la cons\u00e9cration de son int\u00e9grit\u00e9 nationale et territoriale. Comme elles ne d\u00e9sengageront pas l\u2019Espagne de ses responsabilit\u00e9s initiales dans cette crise.<\/p>\n<p>Sur un autre plan, le bureau politique a pass\u00e9 en revue le d\u00e9roulement de l\u2019op\u00e9ration de la r\u00e9vision exceptionnelle des listes \u00e9lectorales g\u00e9n\u00e9rales en cours du 2 juin 2021 au 1<sup>er<\/sup>\u00a0juillet 2021. Le parti adresse \u00e0 ce propos un appel pressant \u00e0 toutes les citoyennes et \u00e0 tous les citoyens non inscrits sur ces listes pour le faire de mani\u00e8re massive, compte tenu de l\u2019importance majeure que rev\u00eat cet acte citoyen dans le but de participer \u00e0 la vie publique et de soutenir la volont\u00e9 du changement, du progr\u00e8s, de la d\u00e9mocratie et de la justice sociale.<\/p>\n<p>Le bureau politique exhorte aussi l\u2019ensemble des militantes et des militants du parti, ses organisations, ses sections et ses secteurs \u00e0 s\u2019impliquer fortement dans cette op\u00e9ration, \u00e0 contribuer intens\u00e9ment \u00e0 sa r\u00e9ussite et \u00e0 sensibiliser \u00e0 son importance. \u00a0<\/p>\n<p>Auteur: M&rsquo;hammed rahal<br \/>\n<a href=\"http:\/\/albayane.press.ma\/lapprobation-du-nmd-une-occasion-pour-la-consolidation-du-processus-democratique.html\">Cliquez ici pour lire l&rsquo;article depuis sa source.<\/a><\/p>\n","protected":false},"excerpt":{"rendered":"<p>Communiqu\u00e9 du bureau politique du PPS Le bureau politique du Parti du Progr\u00e8s et du Socialisme a tenu, mardi 8 juin 2021, sa r\u00e9union hebdomadaire et examin\u00e9 de nombreuses questions politiques. Au d\u00e9but de sa r\u00e9union, le bureau politique s\u2019est f\u00e9licit\u00e9 du climat positif ayant pr\u00e9valu lors de la r\u00e9ception par le Parti du Progr\u00e8s [&hellip;]<\/p>\n","protected":false},"author":1760,"featured_media":0,"comment_status":"closed","ping_status":"closed","sticky":false,"template":"","format":"standard","meta":{"fifu_image_url":"","fifu_image_alt":"","footnotes":""},"categories":[73,54],"tags":[],"class_list":["post-118318","post","type-post","status-publish","format-standard","hentry","category-actualite","category-maroc"],"_links":{"self":[{"href":"https:\/\/linitiative.ca\/International\/wp-json\/wp\/v2\/posts\/118318","targetHints":{"allow":["GET"]}}],"collection":[{"href":"https:\/\/linitiative.ca\/International\/wp-json\/wp\/v2\/posts"}],"about":[{"href":"https:\/\/linitiative.ca\/International\/wp-json\/wp\/v2\/types\/post"}],"author":[{"embeddable":true,"href":"https:\/\/linitiative.ca\/International\/wp-json\/wp\/v2\/users\/1760"}],"replies":[{"embeddable":true,"href":"https:\/\/linitiative.ca\/International\/wp-json\/wp\/v2\/comments?post=118318"}],"version-history":[{"count":0,"href":"https:\/\/linitiative.ca\/International\/wp-json\/wp\/v2\/posts\/118318\/revisions"}],"wp:attachment":[{"href":"https:\/\/linitiative.ca\/International\/wp-json\/wp\/v2\/media?parent=118318"}],"wp:term":[{"taxonomy":"category","embeddable":true,"href":"https:\/\/linitiative.ca\/International\/wp-json\/wp\/v2\/categories?post=118318"},{"taxonomy":"post_tag","embeddable":true,"href":"https:\/\/linitiative.ca\/International\/wp-json\/wp\/v2\/tags?post=118318"}],"curies":[{"name":"wp","href":"https:\/\/api.w.org\/{rel}","templated":true}]}}