{"id":118319,"date":"2021-06-09T14:00:00","date_gmt":"2021-06-09T18:00:00","guid":{"rendered":"https:\/\/linitiative.ca\/International\/un-guide-de-gestion-des-greves-de-la-faim-dans-les-prisons\/"},"modified":"2021-06-09T14:00:00","modified_gmt":"2021-06-09T18:00:00","slug":"un-guide-de-gestion-des-greves-de-la-faim-dans-les-prisons","status":"publish","type":"post","link":"https:\/\/linitiative.ca\/International\/un-guide-de-gestion-des-greves-de-la-faim-dans-les-prisons\/","title":{"rendered":"Un guide de gestion des gr\u00e8ves de la faim dans les prisons"},"content":{"rendered":"<p class=\"has-text-align-center has-vivid-red-color has-text-color\"><strong>Elabor\u00e9 par un comit\u00e9 compos\u00e9 de cadres DGAPR, du minist\u00e8re de la Sant\u00e9 et du CNDH<\/strong><\/p>\n<p class=\"has-text-align-left\"><strong>Un guide sur la gestion des gr\u00e8ves de la faim au sein des \u00e9tablissements p\u00e9nitentiaires a \u00e9t\u00e9 pr\u00e9sent\u00e9, mercredi \u00e0 Rabat, avec pour objectif de normaliser et standardiser le traitement de ces situations.<\/strong><\/p>\n<p class=\"has-text-align-left\">Elabor\u00e9 sous la supervision d\u2019un comit\u00e9 technique compos\u00e9 de cadres issus de la D\u00e9l\u00e9gation g\u00e9n\u00e9rale \u00e0 l\u2019Administration p\u00e9nitentiaire et \u00e0 la r\u00e9insertion (DGAPR), du minist\u00e8re de la Sant\u00e9, du Conseil national des droits de l\u2019homme (CNDH) et de la pr\u00e9sidence du minist\u00e8re public, le guide constitue un cadre de r\u00e9f\u00e9rence qui normalise et standardise les proc\u00e9dures de gestion de ces cas en interne, au sein des \u00e9tablissements p\u00e9nitentiaires, et en externe, avec les diff\u00e9rents acteurs concern\u00e9s.<\/p>\n<p class=\"has-text-align-left\">Le document met en place une vision pour une prise en charge multidisciplinaire globale et int\u00e9gr\u00e9e, administrative et m\u00e9dicale avec partage d\u2019informations interinstitutionnelles, dans lequel s\u2019inscrivent toutes les approches notamment la sant\u00e9, les droits humains, l\u2019environnement l\u00e9gislatif, les r\u00e8gles \u00e9thiques et d\u00e9ontologiques.<\/p>\n<p class=\"has-text-align-left\">Dans une d\u00e9claration \u00e0 la presse, la pr\u00e9sidente du CNDH Amina Bouayach a relev\u00e9 que ce guide est le r\u00e9sultat d\u2019une r\u00e9flexion collective men\u00e9e avec la DGAPR et le minist\u00e8re de la Sant\u00e9, notant qu\u2019il apporte un outil efficace pour la gestion des gr\u00e8ves de la faim dans les prisons.<\/p>\n<p class=\"has-text-align-left\">\u00ab\u00a0Ces cas ne se ressemblent pas. Nous essayons d\u2019\u00e9laborer ensemble des r\u00e9ponses \u00e0 chaque cas\u00a0\u00bb, a soulign\u00e9 Mme Bouayach, faisant savoir que parmi les domaines d\u2019intervention du CNDH, figure notamment la garantie de la protection du droit \u00e0 la vie du d\u00e9tenu, en plus de l\u2019aspect de la m\u00e9diation dans le but de trouver des issues \u00e0 ces situations.<\/p>\n<p class=\"has-text-align-left\">De son c\u00f4t\u00e9, le chef de la division des soins de sant\u00e9 au sein de la DGAPR, Taoufik Abtal, a indiqu\u00e9 que ce guide constitue un algorithme et un outil scientifique d\u00e9finissant clairement la responsabilit\u00e9 et les domaines d\u2019intervention de chacune des parties concern\u00e9es et ce, tout au long de la dur\u00e9e de la gr\u00e8ve de la faim, en fixant, \u00e0 titre d\u2019exemple, \u00ab\u00a0le moment opportun pour le transf\u00e8rement du d\u00e9tenu \u00e0 l\u2019h\u00f4pital et ce, en fonction de la gravit\u00e9 de son \u00e9tat de sant\u00e9\u00a0\u00bb.<\/p>\n<p class=\"has-text-align-left\">En vertu de ce document, quand un d\u00e9tenu est admis au sein d\u2019un \u00e9tablissement de soins, il est pris en charge par les cadres de Sant\u00e9 dans le plein respect de l\u2019\u00e9thique et de la d\u00e9ontologie et de la dignit\u00e9 du pensionnaire, qui est consid\u00e9r\u00e9 en tant que patient et non comme d\u00e9tenu gr\u00e9viste de la faim, a poursuivi M. Abtal, expliquant, qu\u2019au cas o\u00f9 la personne concern\u00e9e refuse de recevoir les soins, elle sera d\u00e9sormais maintenue au sein de l\u2019h\u00f4pital, qui est le lieu ad\u00e9quat pour la prise en charge de ce genre de cas.<\/p>\n<p class=\"has-text-align-left\">Le guide a \u00e9t\u00e9 \u00e9labor\u00e9 selon une approche centr\u00e9e sur la personne, dans le plein respect de la l\u00e9gislation et des sp\u00e9cificit\u00e9s nationales, des principes \u00e9thiques, et du droit international.<\/p>\n<p class=\"has-text-align-left\">Il repose sur les principes directeurs internationaux, notamment ceux stipul\u00e9s par la D\u00e9c\u00e9l\u00e9ration de Malte, bas\u00e9e sur le principe du respect des droits des d\u00e9tenus, la pr\u00e9servation de leur dignit\u00e9 et la garantie de leur s\u00e9curit\u00e9 physique.<br \/>Le document a \u00e9t\u00e9 con\u00e7u en partenariat avec la Commission internationale de la Croix rouge et en concertation avec les diff\u00e9rentes parties prenantes, dont des repr\u00e9sentants de la soci\u00e9t\u00e9 civile, des experts et des avocats.<\/p>\n<p>Auteur: M&rsquo;hammed rahal<br \/>\n<a href=\"http:\/\/albayane.press.ma\/un-guide-de-gestion-des-greves-de-la-faim-dans-les-prisons.html\">Cliquez ici pour lire l&rsquo;article depuis sa source.<\/a><\/p>\n","protected":false},"excerpt":{"rendered":"<p>Elabor\u00e9 par un comit\u00e9 compos\u00e9 de cadres DGAPR, du minist\u00e8re de la Sant\u00e9 et du CNDH Un guide sur la gestion des gr\u00e8ves de la faim au sein des \u00e9tablissements p\u00e9nitentiaires a \u00e9t\u00e9 pr\u00e9sent\u00e9, mercredi \u00e0 Rabat, avec pour objectif de normaliser et standardiser le traitement de ces situations. Elabor\u00e9 sous la supervision d\u2019un comit\u00e9 [&hellip;]<\/p>\n","protected":false},"author":1760,"featured_media":0,"comment_status":"closed","ping_status":"closed","sticky":false,"template":"","format":"standard","meta":{"fifu_image_url":"","fifu_image_alt":"","footnotes":""},"categories":[73,54],"tags":[],"class_list":["post-118319","post","type-post","status-publish","format-standard","hentry","category-actualite","category-maroc"],"_links":{"self":[{"href":"https:\/\/linitiative.ca\/International\/wp-json\/wp\/v2\/posts\/118319","targetHints":{"allow":["GET"]}}],"collection":[{"href":"https:\/\/linitiative.ca\/International\/wp-json\/wp\/v2\/posts"}],"about":[{"href":"https:\/\/linitiative.ca\/International\/wp-json\/wp\/v2\/types\/post"}],"author":[{"embeddable":true,"href":"https:\/\/linitiative.ca\/International\/wp-json\/wp\/v2\/users\/1760"}],"replies":[{"embeddable":true,"href":"https:\/\/linitiative.ca\/International\/wp-json\/wp\/v2\/comments?post=118319"}],"version-history":[{"count":0,"href":"https:\/\/linitiative.ca\/International\/wp-json\/wp\/v2\/posts\/118319\/revisions"}],"wp:attachment":[{"href":"https:\/\/linitiative.ca\/International\/wp-json\/wp\/v2\/media?parent=118319"}],"wp:term":[{"taxonomy":"category","embeddable":true,"href":"https:\/\/linitiative.ca\/International\/wp-json\/wp\/v2\/categories?post=118319"},{"taxonomy":"post_tag","embeddable":true,"href":"https:\/\/linitiative.ca\/International\/wp-json\/wp\/v2\/tags?post=118319"}],"curies":[{"name":"wp","href":"https:\/\/api.w.org\/{rel}","templated":true}]}}