{"id":118320,"date":"2021-06-09T14:00:00","date_gmt":"2021-06-09T18:00:00","guid":{"rendered":"https:\/\/linitiative.ca\/International\/les-epreuves-ont-debute-dans-de-bonnes-conditions\/"},"modified":"2021-06-09T14:00:00","modified_gmt":"2021-06-09T18:00:00","slug":"les-epreuves-ont-debute-dans-de-bonnes-conditions","status":"publish","type":"post","link":"https:\/\/linitiative.ca\/International\/les-epreuves-ont-debute-dans-de-bonnes-conditions\/","title":{"rendered":"Les \u00e9preuves ont d\u00e9but\u00e9 dans de bonnes conditions"},"content":{"rendered":"<p class=\"has-text-align-center has-vivid-cyan-blue-color has-text-color\"><strong>Session normale de l\u2019examen national unifi\u00e9 du baccalaur\u00e9at<\/strong><\/p>\n<p><strong>Les \u00e9preuves de la session normale de l\u2019examen national unifi\u00e9 du baccalaur\u00e9at ont d\u00e9but\u00e9, mardi, dans de bonnes conditions, a affirm\u00e9 la directrice provinciale du minist\u00e8re de l\u2019Education nationale, de la formation professionnelle et de la recherche scientifique de Ain Chock, Latifa Lamalif.<\/strong><\/p>\n<p>Tous les moyens ont \u00e9t\u00e9 mobilis\u00e9s en vue de r\u00e9ussir cette \u00e9ch\u00e9ance, a soulign\u00e9 Mme Lamalif dans une d\u00e9claration \u00e0 la MAP, rappelant que 25 centres d\u2019examen ont \u00e9t\u00e9 mis en place.<\/p>\n<p>La journ\u00e9e a commenc\u00e9 \u00e0 05H30 en proc\u00e9dant \u00e0 la remise des copies des \u00e9preuves (fili\u00e8res scientifique, technique et professionnelle) aux responsables des centres d\u2019examen, a-t-elle indiqu\u00e9, ajoutant que les autorit\u00e9s s\u00e9curitaires ont accompagn\u00e9 le d\u00e9roulement de l\u2019op\u00e9ration depuis le d\u00e9but jusqu\u2019\u00e0 l\u2019\u00e9tape finale.<\/p>\n<p>Compte tenu de la situation sanitaire li\u00e9e \u00e0 la pand\u00e9mie de la Covid-19, plusieurs mesures pr\u00e9ventives ont \u00e9t\u00e9 mises en place, a rappel\u00e9 la responsable, pr\u00e9cisant que ces mesures pr\u00e9voient notamment la d\u00e9sinfection de l\u2019ensemble des espaces d\u2019examen et de correction et le respect des r\u00e8gles de distanciation.<\/p>\n<p>Le nombre des candidats aux \u00e9preuves de la session normale de l\u2019examen national unifi\u00e9 du baccalaur\u00e9at s\u2019\u00e9l\u00e8ve \u00e0 6000 au niveau de la direction provinciale du minist\u00e8re de l\u2019Education nationale, de la formation professionnelle et de la recherche scientifique de Ain Chock.<\/p>\n<p>Auteur: M&rsquo;hammed rahal<br \/>\n<a href=\"http:\/\/albayane.press.ma\/les-epreuves-ont-debute-dans-de-bonnes-conditions.html\">Cliquez ici pour lire l&rsquo;article depuis sa source.<\/a><\/p>\n","protected":false},"excerpt":{"rendered":"<p>Session normale de l\u2019examen national unifi\u00e9 du baccalaur\u00e9at Les \u00e9preuves de la session normale de l\u2019examen national unifi\u00e9 du baccalaur\u00e9at ont d\u00e9but\u00e9, mardi, dans de bonnes conditions, a affirm\u00e9 la directrice provinciale du minist\u00e8re de l\u2019Education nationale, de la formation professionnelle et de la recherche scientifique de Ain Chock, Latifa Lamalif. Tous les moyens ont [&hellip;]<\/p>\n","protected":false},"author":1760,"featured_media":0,"comment_status":"closed","ping_status":"closed","sticky":false,"template":"","format":"standard","meta":{"fifu_image_url":"","fifu_image_alt":"","footnotes":""},"categories":[73,54],"tags":[],"class_list":["post-118320","post","type-post","status-publish","format-standard","hentry","category-actualite","category-maroc"],"_links":{"self":[{"href":"https:\/\/linitiative.ca\/International\/wp-json\/wp\/v2\/posts\/118320","targetHints":{"allow":["GET"]}}],"collection":[{"href":"https:\/\/linitiative.ca\/International\/wp-json\/wp\/v2\/posts"}],"about":[{"href":"https:\/\/linitiative.ca\/International\/wp-json\/wp\/v2\/types\/post"}],"author":[{"embeddable":true,"href":"https:\/\/linitiative.ca\/International\/wp-json\/wp\/v2\/users\/1760"}],"replies":[{"embeddable":true,"href":"https:\/\/linitiative.ca\/International\/wp-json\/wp\/v2\/comments?post=118320"}],"version-history":[{"count":0,"href":"https:\/\/linitiative.ca\/International\/wp-json\/wp\/v2\/posts\/118320\/revisions"}],"wp:attachment":[{"href":"https:\/\/linitiative.ca\/International\/wp-json\/wp\/v2\/media?parent=118320"}],"wp:term":[{"taxonomy":"category","embeddable":true,"href":"https:\/\/linitiative.ca\/International\/wp-json\/wp\/v2\/categories?post=118320"},{"taxonomy":"post_tag","embeddable":true,"href":"https:\/\/linitiative.ca\/International\/wp-json\/wp\/v2\/tags?post=118320"}],"curies":[{"name":"wp","href":"https:\/\/api.w.org\/{rel}","templated":true}]}}