{"id":118321,"date":"2021-06-09T14:00:00","date_gmt":"2021-06-09T18:00:00","guid":{"rendered":"https:\/\/linitiative.ca\/International\/lavc-attaque-lecrivain-et-critique-litteraire-bachir-kamari\/"},"modified":"2021-06-09T14:00:00","modified_gmt":"2021-06-09T18:00:00","slug":"lavc-attaque-lecrivain-et-critique-litteraire-bachir-kamari","status":"publish","type":"post","link":"https:\/\/linitiative.ca\/International\/lavc-attaque-lecrivain-et-critique-litteraire-bachir-kamari\/","title":{"rendered":"L\u2019AVC  attaque l\u2019\u00e9crivain et critique litt\u00e9raire, Bachir Kamari"},"content":{"rendered":"<p class=\"has-text-align-right\"><strong>Mohamed Nait Youssef<\/strong><\/p>\n<p><strong>L\u2019\u00e9crivain, critique litt\u00e9raire, professeur universitaire et membre de l\u2019Union des \u00e9crivains du Maroc (UEM) a \u00e9t\u00e9 hospitalis\u00e9 en urgence au Centre National de R\u00e9habilitation et des Neurosciences g\u00e9r\u00e9 par la Fondation Hassan II pour la Pr\u00e9vention et la Lutte Contre les Maladies du Syst\u00e8me Nerveux, \u00e0 Rabat, suite \u00e0 une attaque c\u00e9r\u00e9brale.<\/strong><\/p>\n<p>Le pr\u00e9sident de l\u2019Union des \u00e9crivains du Maroc, Abderrahim El Allam lui a rendu visite\u00a0 apr\u00e8s avoir subi un deuxi\u00e8me accident vasculaire c\u00e9r\u00e9bral qui l\u2019a mis dans le coma.<\/p>\n<p>\u00ab\u00a0L\u2019\u00e9tat de sant\u00e9 de l\u2019\u00e9crivain et professeur Bachir Kamari est critique. Il se trouve actuellement dans le service de r\u00e9animation du Centre National de R\u00e9habilitation et des Neurosciences \u00e0 Rabat, ce qui rend les visites interdites \u00e0 l\u2019heure actuelle.\u00a0\u00bb, a annonc\u00e9 le pr\u00e9sident de l\u2019UEM dans un communiqu\u00e9 de presse.<\/p>\n<p>C\u2019est un\u00a0 10 janvier que Bachir Kamari\u00a0 a vu le jour \u00e0 la ville de Nador. Il a eu un doctorat en 1987. Il fallait alors attendre l\u2019ann\u00e9e de 1972 pour les lecteurs et lectrices puisent d\u00e9couvrir\u00a0 cette\u00a0 plume, ayant apport\u00e9 sa pierre \u00e0 l\u2019\u00e9difice de la culture nationale, sur les colonnes des journaux Al Alam, Al Moharir,\u00a0 Al Bayane, Anoual\u2026\u00a0 C\u2019est en 1976 que l\u2019auteur avait int\u00e9gr\u00e9 l\u2019Union des \u00e9crivains du Maroc o\u00f9 il \u00e9tait membre du bureau central de cette institution culturelle les ann\u00e9es de\u00a0 1996 \u2013 1998, 1998 \u2013 2001 et 2001 \u2013 2004.<\/p>\n<p>Ses \u00e9crits sont partag\u00e9s entre la litt\u00e9rature, la traduction, la critique,\u00a0 le th\u00e9\u00e2tre et le cin\u00e9ma. \u2018\u2019La po\u00e9tique du texte romanesque\u2019\u2019, un ouvrage de 234 pages, grand format, est l\u2019une des publications importantes de l\u2019\u00e9crivain o\u00f9 il fait un travail minutieux et consid\u00e9rable sur la langue, l\u2019\u00e9criture romanesque, le temps ontologique\u00a0 dans le roman arabe contemporain, la narration et bien d\u2019autres th\u00e9matiques. On doit \u00e9galement \u00e0 cette voix litt\u00e9raire singuli\u00e8re, ce souffle critique\u00a0 moderne puis\u00e9 dans les grandes r\u00e9f\u00e9rences de la litt\u00e9raire et \u00a0de la critique des lumi\u00e8res qui ont influenc\u00e9 ses recherches et ses analyses. On lui souhaite un prompt r\u00e9tablissement. \u00a0<\/p>\n<p>Auteur: M&rsquo;hammed rahal<br \/>\n<a href=\"http:\/\/albayane.press.ma\/lavc-attaque-lecrivain-et-critique-litteraire-bachir-kamari.html\">Cliquez ici pour lire l&rsquo;article depuis sa source.<\/a><\/p>\n","protected":false},"excerpt":{"rendered":"<p>Mohamed Nait Youssef L\u2019\u00e9crivain, critique litt\u00e9raire, professeur universitaire et membre de l\u2019Union des \u00e9crivains du Maroc (UEM) a \u00e9t\u00e9 hospitalis\u00e9 en urgence au Centre National de R\u00e9habilitation et des Neurosciences g\u00e9r\u00e9 par la Fondation Hassan II pour la Pr\u00e9vention et la Lutte Contre les Maladies du Syst\u00e8me Nerveux, \u00e0 Rabat, suite \u00e0 une attaque c\u00e9r\u00e9brale. [&hellip;]<\/p>\n","protected":false},"author":1760,"featured_media":0,"comment_status":"closed","ping_status":"closed","sticky":false,"template":"","format":"standard","meta":{"fifu_image_url":"","fifu_image_alt":"","footnotes":""},"categories":[73,54],"tags":[],"class_list":["post-118321","post","type-post","status-publish","format-standard","hentry","category-actualite","category-maroc"],"_links":{"self":[{"href":"https:\/\/linitiative.ca\/International\/wp-json\/wp\/v2\/posts\/118321","targetHints":{"allow":["GET"]}}],"collection":[{"href":"https:\/\/linitiative.ca\/International\/wp-json\/wp\/v2\/posts"}],"about":[{"href":"https:\/\/linitiative.ca\/International\/wp-json\/wp\/v2\/types\/post"}],"author":[{"embeddable":true,"href":"https:\/\/linitiative.ca\/International\/wp-json\/wp\/v2\/users\/1760"}],"replies":[{"embeddable":true,"href":"https:\/\/linitiative.ca\/International\/wp-json\/wp\/v2\/comments?post=118321"}],"version-history":[{"count":0,"href":"https:\/\/linitiative.ca\/International\/wp-json\/wp\/v2\/posts\/118321\/revisions"}],"wp:attachment":[{"href":"https:\/\/linitiative.ca\/International\/wp-json\/wp\/v2\/media?parent=118321"}],"wp:term":[{"taxonomy":"category","embeddable":true,"href":"https:\/\/linitiative.ca\/International\/wp-json\/wp\/v2\/categories?post=118321"},{"taxonomy":"post_tag","embeddable":true,"href":"https:\/\/linitiative.ca\/International\/wp-json\/wp\/v2\/tags?post=118321"}],"curies":[{"name":"wp","href":"https:\/\/api.w.org\/{rel}","templated":true}]}}