{"id":118323,"date":"2021-06-10T08:34:41","date_gmt":"2021-06-10T12:34:41","guid":{"rendered":"https:\/\/linitiative.ca\/International\/ftdes-la-tunisie-a-perdu-55-de-son-tissu-industriel-depuis-1995\/"},"modified":"2021-06-10T08:34:41","modified_gmt":"2021-06-10T12:34:41","slug":"ftdes-la-tunisie-a-perdu-55-de-son-tissu-industriel-depuis-1995","status":"publish","type":"post","link":"https:\/\/linitiative.ca\/International\/ftdes-la-tunisie-a-perdu-55-de-son-tissu-industriel-depuis-1995\/","title":{"rendered":"FTDES : la Tunisie a perdu 55% de son tissu industriel depuis 1995"},"content":{"rendered":"<div class=\"td-post-content\">\n<h2>Le\u00a0<a href=\"https:\/\/ftdes.net\/\" target=\"_blank\" rel=\"noopener noreferrer\">Forum Tunisien pour les Droits Economiques et Sociaux<\/a>\u00a0(FTDES) a publi\u00e9 un rapport intitul\u00e9: \u00ab\u00a0\u00c9tude de l\u2019impact attendu de l\u2019ALECA sur les micro-entreprises dans les secteurs du commerce et des services en Tunisie\u00a0\u00bb.<\/h2>\n<p>D\u2019apr\u00e8s le FTDES, la Banque Mondiale (BM) avait soulign\u00e9 la dangerosit\u00e9 de la signature de l\u2019<a href=\"http:\/\/www.leconomistemaghrebin.com\/2021\/06\/09\/tunisie-oms-un-accord-pour-acquerir-600-mille-doses-de-vaccins\/\" target=\"_blank\" rel=\"noopener noreferrer\">Accord<\/a>\u00a0d\u2019Association (AA) sign\u00e9 en 1995 et entr\u00e9 en vigueur en 1998. Celui-ci vise \u00e0 renforcer les relations entre la Tunisie et l\u2019UE.<\/p>\n<p>La BM avait affirm\u00e9 que la signature de cet accord causera la perte d\u2019environ 48% du tissu industriel tunisien. \u00ab\u00a0Cette perte s\u2019est r\u00e9v\u00e9l\u00e9e, non seulement effective, mais d\u2019une<br \/>ampleur encore plus grande!\u00a0\u00bb, a rapport\u00e9 l\u2019\u00e9tude.<\/p>\n<h2>D\u00e9gradation du tissu industriel<\/h2>\n<p>En effet, la signature de l\u2019AA a conduit \u00e0 une perte de plus de 50% du tissu industriel tunisien. Le FTDES a conclu que le syst\u00e8me productif tunisien est fragile.<\/p>\n<p>Cette fragilit\u00e9 s\u2019explique, d\u2019apr\u00e8s la m\u00eame source, par la nature structurelle du syst\u00e8me productif tunisien, ainsi, que par les dualit\u00e9s qu\u2019il englobe.<\/p>\n<p>Le rapport a rappel\u00e9 qu\u2019en 2019, les chiffres montrent que le syst\u00e8me productif se compose \u00e0 85% d\u2019entreprises unipersonnelles. Ce chiffre \u00e9tait \u00e0 hauteur de 81% en 2002. \u00ab\u00a0Cette fragilit\u00e9 est en augmentation depuis 2002\u00a0\u00bb, a affirm\u00e9 le FTDES.<\/p>\n<p>L\u2019\u00e9tude a \u00e9galement estim\u00e9 que la nature des activit\u00e9s contribue a cette fragilit\u00e9 structurelle. \u00ab\u00a0Ce syst\u00e8me est fortement domin\u00e9 par des activit\u00e9s non productives de richesses mat\u00e9rielles\u00a0\u00bb. Ainsi lit-on encore dans le rapport. Seul 12% de la totalit\u00e9 des entreprises priv\u00e9es font partie des secteurs de l\u2019industrie, l\u2019agriculture, la sylviculture et la p\u00eache.<\/p>\n<p>Le rapport a pr\u00e9cis\u00e9 que ce chiffre continue de baisser puisque ces entreprises repr\u00e9sentaient 13% de la totalit\u00e9 des entreprises priv\u00e9es en 2002.<\/p>\n<h2>Dualit\u00e9s<\/h2>\n<p>Pour ce qui est des dualit\u00e9s du syst\u00e8me productif tunisien, le FTDES a rappel\u00e9 \u00ab\u00a0la coexistence de deux \u00e9conomies, l\u2019une formelle et l\u2019autre informelle\u00a0\u00bb.<\/p>\n<p>Le rapport mentionne une relation de sous-traitance, en plus d\u2019une concurrence d\u00e9loyale. Cette concurrence s\u2019est fortement amplifi\u00e9e depuis 2011. Ceci r\u00e9sulterait principalement de l\u2019instabilit\u00e9 politique et institutionnelle.<\/p>\n<p>Cette informalisation gagne du terrain et touche de plus en plus d\u2019activit\u00e9s \u00e9conomiques et financi\u00e8res.<\/p>\n<p>L\u2019instabilit\u00e9 combin\u00e9e \u00e0 l\u2019expansion des activit\u00e9s informelles augmentent les incertitudes. Le rapport a soulign\u00e9 la relation de causalit\u00e9 sur la baisse des investissements. Ces \u00e9l\u00e9ments ont \u00e9galement conduit \u00e0 une d\u00e9gradation des \u00e9quilibres macro\u00e9conomiques et une r\u00e9duction des perspectives de la croissance.<\/p>\n<p>Le FTDES a \u00e9voqu\u00e9 une deuxi\u00e8me dualit\u00e9 fragilisant le tissu entrepreneurial: le onshore et le offshore.<\/p>\n<p>En effet, le rapport indique que le r\u00e9dime onshore occupe la grande majorit\u00e9 du tissu \u00e9conomique. En 2018, les structures onshore repr\u00e9sentaient 96% des entreprises. Ce chiffre \u00e9tait de 98,5% en 2002. En contrepartie, le nombre d\u2019entreprises offshore a progress\u00e9. De 2697 entreprises en 1997, elles passaient \u00e0 6101 entreprises en 2002. D\u2019ailleurs, la Tunisie compte 29061 entreprises offshore en 2018.<\/p>\n<p>Le FTDES a indiqu\u00e9 que les entreprises offshore \u00ab\u00a0tendent \u00e0 occuper une place de plus en plus importante en termes de production, d\u2019emploi et surtout d\u2019exportation\u00a0\u00bb. En contrepartie, elles contribuent faiblement aux recettes fiscales, \u00e0 l\u2019acquisition des technologies, \u00e0 l\u2019am\u00e9lioration de l\u2019\u00e9quilibre r\u00e9gional et la r\u00e9alisation d\u2019un d\u00e9veloppement durable.<\/p>\n<\/div>\n<footer>\n<\/footer>\n<div class=\"wp-post-author-wrap wp-post-author-shortcode left\">\n<h3 class=\"awpa-title\"\/>\n<div class=\"wp-post-author\">\n<div class=\"awpa-img awpa-author-block square\"><a href=\"http:\/\/lexpertjournal.net\/fr\/?author=5\"><img loading=\"lazy\" decoding=\"async\" alt=\"\" src=\"http:\/\/0.gravatar.com\/avatar\/97f8e10a1c1125ba104a76514ee07b16?s=150&amp;d=mm&amp;r=g\" srcset=\"http:\/\/0.gravatar.com\/avatar\/97f8e10a1c1125ba104a76514ee07b16?s=300&amp;d=mm&amp;r=g 2x\" class=\"avatar avatar-150 photo\" height=\"150\" width=\"150\"\/><\/a><\/div>\n<\/div>\n<\/div>\n<aside class=\"mashsb-container mashsb-main mashsb-stretched\">\n<\/aside>\n<p>Auteur: L&rsquo;expert<br \/>\n<a href=\"http:\/\/lexpertjournal.net\/fr\/?p=20317\">Cliquez ici pour lire l&rsquo;article depuis sa source.<\/a><\/p>\n","protected":false},"excerpt":{"rendered":"<p>Le\u00a0Forum Tunisien pour les Droits Economiques et Sociaux\u00a0(FTDES) a publi\u00e9 un rapport intitul\u00e9: \u00ab\u00a0\u00c9tude de l\u2019impact attendu de l\u2019ALECA sur les micro-entreprises dans les secteurs du commerce et des services en Tunisie\u00a0\u00bb. D\u2019apr\u00e8s le FTDES, la Banque Mondiale (BM) avait soulign\u00e9 la dangerosit\u00e9 de la signature de l\u2019Accord\u00a0d\u2019Association (AA) sign\u00e9 en 1995 et entr\u00e9 en [&hellip;]<\/p>\n","protected":false},"author":1775,"featured_media":0,"comment_status":"closed","ping_status":"closed","sticky":false,"template":"","format":"standard","meta":{"fifu_image_url":"http:\/\/0.gravatar.com\/avatar\/97f8e10a1c1125ba104a76514ee07b16?s=150&d=mm&r=g","fifu_image_alt":"FTDES : la Tunisie a perdu 55% de son tissu industriel depuis 1995","footnotes":""},"categories":[78,55],"tags":[],"class_list":["post-118323","post","type-post","status-publish","format-standard","hentry","category-economie","category-tunisie"],"_links":{"self":[{"href":"https:\/\/linitiative.ca\/International\/wp-json\/wp\/v2\/posts\/118323","targetHints":{"allow":["GET"]}}],"collection":[{"href":"https:\/\/linitiative.ca\/International\/wp-json\/wp\/v2\/posts"}],"about":[{"href":"https:\/\/linitiative.ca\/International\/wp-json\/wp\/v2\/types\/post"}],"author":[{"embeddable":true,"href":"https:\/\/linitiative.ca\/International\/wp-json\/wp\/v2\/users\/1775"}],"replies":[{"embeddable":true,"href":"https:\/\/linitiative.ca\/International\/wp-json\/wp\/v2\/comments?post=118323"}],"version-history":[{"count":0,"href":"https:\/\/linitiative.ca\/International\/wp-json\/wp\/v2\/posts\/118323\/revisions"}],"wp:attachment":[{"href":"https:\/\/linitiative.ca\/International\/wp-json\/wp\/v2\/media?parent=118323"}],"wp:term":[{"taxonomy":"category","embeddable":true,"href":"https:\/\/linitiative.ca\/International\/wp-json\/wp\/v2\/categories?post=118323"},{"taxonomy":"post_tag","embeddable":true,"href":"https:\/\/linitiative.ca\/International\/wp-json\/wp\/v2\/tags?post=118323"}],"curies":[{"name":"wp","href":"https:\/\/api.w.org\/{rel}","templated":true}]}}