{"id":118324,"date":"2021-06-10T08:36:58","date_gmt":"2021-06-10T12:36:58","guid":{"rendered":"https:\/\/linitiative.ca\/International\/fitch-ratings-confirme-la-note-de-tunis-re-a-aatun-avec-perspectives-stables\/"},"modified":"2021-06-10T08:36:58","modified_gmt":"2021-06-10T12:36:58","slug":"fitch-ratings-confirme-la-note-de-tunis-re-a-aatun-avec-perspectives-stables","status":"publish","type":"post","link":"https:\/\/linitiative.ca\/International\/fitch-ratings-confirme-la-note-de-tunis-re-a-aatun-avec-perspectives-stables\/","title":{"rendered":"Fitch Ratings confirme la note de Tunis Re \u00e0 \u2018AA'(tun) avec perspectives stables"},"content":{"rendered":"<div class=\"td-post-content\">\n<h2><a href=\"https:\/\/media-exp1.licdn.com\/dms\/document\/C4E1FAQE7Aej_BZBosQ\/feedshare-document-pdf-analyzed\/0\/1623254653966?e=1623398400&amp;v=beta&amp;t=O2tIWzsFO8CTXuT1_-OBsUpATgyb2gfb-r000ctag7Q\" target=\"_blank\" rel=\"noopener noreferrer\">Fitch Ratings<\/a>\u00a0a confirm\u00e9, le 09 juin 2021, la note de solidit\u00e9 financi\u00e8re de Tunis Re \u00e0 AA (tun) \u00ab\u00a0Tr\u00e8s Fort\u00a0\u00bb avec perspectives stables.<\/h2>\n<p>La notation de Tunis Re refl\u00e8te la performance de son dispositif de risk management, en particulier au niveau de l\u2019avancement de la mod\u00e9lisation de son capital interne et de la solidit\u00e9 de sa position strat\u00e9gique dans l\u2019\u00e9conomie tunisienne.<\/p>\n<p><em>E.M<\/em><\/p>\n<\/div>\n<footer>\n<\/footer>\n<div class=\"wp-post-author-wrap wp-post-author-shortcode left\">\n<h3 class=\"awpa-title\"\/>\n<div class=\"wp-post-author\">\n<div class=\"awpa-img awpa-author-block square\"><a href=\"http:\/\/lexpertjournal.net\/fr\/?author=5\"><img loading=\"lazy\" decoding=\"async\" alt=\"\" src=\"http:\/\/0.gravatar.com\/avatar\/97f8e10a1c1125ba104a76514ee07b16?s=150&amp;d=mm&amp;r=g\" srcset=\"http:\/\/0.gravatar.com\/avatar\/97f8e10a1c1125ba104a76514ee07b16?s=300&amp;d=mm&amp;r=g 2x\" class=\"avatar avatar-150 photo\" height=\"150\" width=\"150\"\/><\/a><\/div>\n<\/div>\n<\/div>\n<aside class=\"mashsb-container mashsb-main mashsb-stretched\">\n<\/aside>\n<p>Auteur: L&rsquo;expert<br \/>\n<a href=\"http:\/\/lexpertjournal.net\/fr\/?p=20320\">Cliquez ici pour lire l&rsquo;article depuis sa source.<\/a><\/p>\n","protected":false},"excerpt":{"rendered":"<p>Fitch Ratings\u00a0a confirm\u00e9, le 09 juin 2021, la note de solidit\u00e9 financi\u00e8re de Tunis Re \u00e0 AA (tun) \u00ab\u00a0Tr\u00e8s Fort\u00a0\u00bb avec perspectives stables. La notation de Tunis Re refl\u00e8te la performance de son dispositif de risk management, en particulier au niveau de l\u2019avancement de la mod\u00e9lisation de son capital interne et de la solidit\u00e9 de [&hellip;]<\/p>\n","protected":false},"author":1775,"featured_media":0,"comment_status":"closed","ping_status":"closed","sticky":false,"template":"","format":"standard","meta":{"fifu_image_url":"http:\/\/0.gravatar.com\/avatar\/97f8e10a1c1125ba104a76514ee07b16?s=150&d=mm&r=g","fifu_image_alt":"<div>Fitch Ratings confirme la note de Tunis Re \u00e0 \u2018AA'(tun) avec perspectives stables<\/div>","footnotes":""},"categories":[78,55],"tags":[],"class_list":["post-118324","post","type-post","status-publish","format-standard","hentry","category-economie","category-tunisie"],"_links":{"self":[{"href":"https:\/\/linitiative.ca\/International\/wp-json\/wp\/v2\/posts\/118324","targetHints":{"allow":["GET"]}}],"collection":[{"href":"https:\/\/linitiative.ca\/International\/wp-json\/wp\/v2\/posts"}],"about":[{"href":"https:\/\/linitiative.ca\/International\/wp-json\/wp\/v2\/types\/post"}],"author":[{"embeddable":true,"href":"https:\/\/linitiative.ca\/International\/wp-json\/wp\/v2\/users\/1775"}],"replies":[{"embeddable":true,"href":"https:\/\/linitiative.ca\/International\/wp-json\/wp\/v2\/comments?post=118324"}],"version-history":[{"count":0,"href":"https:\/\/linitiative.ca\/International\/wp-json\/wp\/v2\/posts\/118324\/revisions"}],"wp:attachment":[{"href":"https:\/\/linitiative.ca\/International\/wp-json\/wp\/v2\/media?parent=118324"}],"wp:term":[{"taxonomy":"category","embeddable":true,"href":"https:\/\/linitiative.ca\/International\/wp-json\/wp\/v2\/categories?post=118324"},{"taxonomy":"post_tag","embeddable":true,"href":"https:\/\/linitiative.ca\/International\/wp-json\/wp\/v2\/tags?post=118324"}],"curies":[{"name":"wp","href":"https:\/\/api.w.org\/{rel}","templated":true}]}}