{"id":118325,"date":"2021-06-10T08:40:39","date_gmt":"2021-06-10T12:40:39","guid":{"rendered":"https:\/\/linitiative.ca\/International\/langed-interpelle-le-ministere-de-la-sante-concernant-la-gestion-des-dechets\/"},"modified":"2021-06-10T08:40:39","modified_gmt":"2021-06-10T12:40:39","slug":"langed-interpelle-le-ministere-de-la-sante-concernant-la-gestion-des-dechets","status":"publish","type":"post","link":"https:\/\/linitiative.ca\/International\/langed-interpelle-le-ministere-de-la-sante-concernant-la-gestion-des-dechets\/","title":{"rendered":"L\u2019ANGED interpelle le minist\u00e8re de la Sant\u00e9 concernant la gestion des d\u00e9chets"},"content":{"rendered":"<div class=\"td-post-content\">\n<h2>La directrice g\u00e9n\u00e9rale de\u00a0<a href=\"http:\/\/www.anged.nat.tn\/\" target=\"_blank\" rel=\"noopener noreferrer\">l\u2019Agence nationale de gestion<\/a>\u00a0des d\u00e9chets, Besma Jebali, a appel\u00e9 le minist\u00e8re de la Sant\u00e9 \u00e0 inciter les \u00e9tablissements de la sant\u00e9 publique et priv\u00e9e \u00e0 appliquer la r\u00e9glementation en vigueur en mati\u00e8re de gestion des d\u00e9chets, en ayant recours aux soci\u00e9t\u00e9s priv\u00e9es pour l\u2019\u00e9limination des d\u00e9chets sanitaires qui sont une source de maladies et de\u00a0<a href=\"http:\/\/www.leconomistemaghrebin.com\/2021\/06\/08\/covid-19-suspension-activite-cour-appel-semaine\/\" target=\"_blank\" rel=\"noopener noreferrer\">pand\u00e9mies<\/a>.<\/h2>\n<p>En marge d\u2019une s\u00e9ance d\u2019audition tenue mercredi par la commission de la sant\u00e9 et des affaires sociales au parlement, M. Jebali a indiqu\u00e9 que la l\u00e9gislation en mati\u00e8re de gestion des d\u00e9chets stipule que des accords doivent \u00eatre conclus entre les \u00e9tablissements sanitaires dans les secteurs public ou priv\u00e9 et les \u00e9tablissements de traitement des d\u00e9chets sanitaires selon les normes internationales.<\/p>\n<p>Dans ce contexte, elle a fait remarquer que le minist\u00e8re de la Sant\u00e9 doit appeler ces \u00e9tablissements \u00e0 se conformer \u00e0 la loi pour le traitement des d\u00e9chets dangereux. Tout en pr\u00e9cisant que des sanctions seront inflig\u00e9es contre les \u00e9tablissements sanitaires qui n\u2019ont pas conclu d\u2019accords avec les soci\u00e9t\u00e9s de gestion des d\u00e9chets. Elles peuvent atteindre jusqu\u2019\u00e0 une amende de 500d et la fermeture de l\u2019\u00e9tablissement.<\/p>\n<p>Elle a affirm\u00e9 que des d\u00e9passements ont \u00e9t\u00e9 relev\u00e9s au niveau des op\u00e9rations de traitement des d\u00e9chets sanitaires dangereux au sein des \u00e9tablissements sanitaires. Outre des d\u00e9faillances au niveau de la st\u00e9rilisation des d\u00e9chets sanitaires par des soci\u00e9t\u00e9s autoris\u00e9es par le minist\u00e8re.<\/p>\n<p>Dans ce contexte, elle a pr\u00e9cis\u00e9 que deux ou trois soci\u00e9t\u00e9s priv\u00e9es ont \u00e9t\u00e9 ferm\u00e9es pour non respect de la loi et d\u00e9passements flagrants. Soulignant que la d\u00e9cision de fermeture est du ressort de la commission consultative relevant du minist\u00e8re des Affaires locales et de l\u2019environnement.<\/p>\n<p><em>\u00a0 \u00a0 \u00a0 \u00a0 \u00a0 \u00a0 \u00a0 \u00a0 \u00a0 \u00a0 \u00a0 \u00a0 \u00a0 \u00a0 \u00a0 \u00a0 \u00a0 \u00a0 \u00a0 \u00a0 \u00a0 \u00a0 \u00a0 \u00a0 \u00a0 \u00a0 \u00a0 \u00a0 \u00a0 \u00a0 \u00a0 \u00a0 \u00a0 \u00a0 \u00a0 \u00a0 \u00a0 \u00a0 \u00a0 \u00a0 \u00a0 \u00a0 \u00a0 \u00a0 \u00a0 \u00a0 \u00a0 \u00a0 \u00a0 \u00a0 \u00a0 \u00a0 \u00a0 \u00a0 \u00a0 \u00a0 \u00a0 \u00a0 Avec TAP<\/em><\/p>\n<\/div>\n<footer>\n<\/footer>\n<div class=\"wp-post-author-wrap wp-post-author-shortcode left\">\n<h3 class=\"awpa-title\"\/>\n<div class=\"wp-post-author\">\n<div class=\"awpa-img awpa-author-block square\"><a href=\"http:\/\/lexpertjournal.net\/fr\/?author=5\"><img loading=\"lazy\" decoding=\"async\" alt=\"\" src=\"http:\/\/0.gravatar.com\/avatar\/97f8e10a1c1125ba104a76514ee07b16?s=150&amp;d=mm&amp;r=g\" srcset=\"http:\/\/0.gravatar.com\/avatar\/97f8e10a1c1125ba104a76514ee07b16?s=300&amp;d=mm&amp;r=g 2x\" class=\"avatar avatar-150 photo\" height=\"150\" width=\"150\"\/><\/a><\/div>\n<\/div>\n<\/div>\n<aside class=\"mashsb-container mashsb-main mashsb-stretched\">\n<\/aside>\n<p>Auteur: L&rsquo;expert<br \/>\n<a href=\"http:\/\/lexpertjournal.net\/fr\/?p=20323\">Cliquez ici pour lire l&rsquo;article depuis sa source.<\/a><\/p>\n","protected":false},"excerpt":{"rendered":"<p>La directrice g\u00e9n\u00e9rale de\u00a0l\u2019Agence nationale de gestion\u00a0des d\u00e9chets, Besma Jebali, a appel\u00e9 le minist\u00e8re de la Sant\u00e9 \u00e0 inciter les \u00e9tablissements de la sant\u00e9 publique et priv\u00e9e \u00e0 appliquer la r\u00e9glementation en vigueur en mati\u00e8re de gestion des d\u00e9chets, en ayant recours aux soci\u00e9t\u00e9s priv\u00e9es pour l\u2019\u00e9limination des d\u00e9chets sanitaires qui sont une source de [&hellip;]<\/p>\n","protected":false},"author":1775,"featured_media":0,"comment_status":"closed","ping_status":"closed","sticky":false,"template":"","format":"standard","meta":{"fifu_image_url":"http:\/\/0.gravatar.com\/avatar\/97f8e10a1c1125ba104a76514ee07b16?s=150&d=mm&r=g","fifu_image_alt":"L\u2019ANGED interpelle le minist\u00e8re de la Sant\u00e9 concernant la gestion des d\u00e9chets","footnotes":""},"categories":[78,55],"tags":[],"class_list":["post-118325","post","type-post","status-publish","format-standard","hentry","category-economie","category-tunisie"],"_links":{"self":[{"href":"https:\/\/linitiative.ca\/International\/wp-json\/wp\/v2\/posts\/118325","targetHints":{"allow":["GET"]}}],"collection":[{"href":"https:\/\/linitiative.ca\/International\/wp-json\/wp\/v2\/posts"}],"about":[{"href":"https:\/\/linitiative.ca\/International\/wp-json\/wp\/v2\/types\/post"}],"author":[{"embeddable":true,"href":"https:\/\/linitiative.ca\/International\/wp-json\/wp\/v2\/users\/1775"}],"replies":[{"embeddable":true,"href":"https:\/\/linitiative.ca\/International\/wp-json\/wp\/v2\/comments?post=118325"}],"version-history":[{"count":0,"href":"https:\/\/linitiative.ca\/International\/wp-json\/wp\/v2\/posts\/118325\/revisions"}],"wp:attachment":[{"href":"https:\/\/linitiative.ca\/International\/wp-json\/wp\/v2\/media?parent=118325"}],"wp:term":[{"taxonomy":"category","embeddable":true,"href":"https:\/\/linitiative.ca\/International\/wp-json\/wp\/v2\/categories?post=118325"},{"taxonomy":"post_tag","embeddable":true,"href":"https:\/\/linitiative.ca\/International\/wp-json\/wp\/v2\/tags?post=118325"}],"curies":[{"name":"wp","href":"https:\/\/api.w.org\/{rel}","templated":true}]}}