{"id":118328,"date":"2021-06-09T18:44:42","date_gmt":"2021-06-09T22:44:42","guid":{"rendered":"https:\/\/linitiative.ca\/International\/enseignement-superieur-ouverture-des-candidatures-le-15-juin\/"},"modified":"2021-06-09T18:44:42","modified_gmt":"2021-06-09T22:44:42","slug":"enseignement-superieur-ouverture-des-candidatures-le-15-juin","status":"publish","type":"post","link":"https:\/\/linitiative.ca\/International\/enseignement-superieur-ouverture-des-candidatures-le-15-juin\/","title":{"rendered":"Enseignement sup\u00e9rieur: Ouverture des candidatures le 15 juin"},"content":{"rendered":"<div class=\"single-featured\"><img alt=\"\" data-src=\"http:\/\/www.mapmarrakech.ma\/map\/uploads\/2021\/06\/Si\u00e8ge-Minist\u00e8re-de-lu2019\u00c9ducation-Nationale-750\u00d7430-MAP.jpg\"\/><\/div>\n<div class=\"single-post-excerpt post-excerpt-bc\" readability=\"37\">\n<p>Les candidatures sont ouvertes \u00e0 certains \u00e9tablissements d\u2019enseignement sup\u00e9rieur, \u00e0 partir du 15 juin, au titre de l\u2019ann\u00e9e universitaire 2021-2022, a annonc\u00e9 le d\u00e9partement de l\u2019Enseignement sup\u00e9rieur et de la Recherche scientifique.<\/p>\n<\/div>\n<div class=\"entry-content clearfix single-post-content\" readability=\"44\">\n<p>Les \u00e9tablissements concern\u00e9s sont les facult\u00e9s de m\u00e9decine et pharmacie et de m\u00e9decine dentaire, les \u00e9coles nationales de commerce et de gestion et les \u00e9coles sup\u00e9rieures des arts et m\u00e9tiers, pr\u00e9cise le d\u00e9partement dans un communiqu\u00e9.<\/p>\n<p>Les candidatures sont exclusivement pr\u00e9sent\u00e9es via les plateformes \u00e9lectroniques unifi\u00e9es d\u00e9di\u00e9es \u00e0 chaque cat\u00e9gorie d\u2019\u00e9tablissement, suivant un calendrier pr\u00e9cis, explique le communiqu\u00e9, invitant les personnes int\u00e9ress\u00e9es \u00e0 consulter le site web www.enssup.gov.ma pour davantage d\u2019informations.<\/p>\n<\/div>\n<p>Auteur: Meriem IGASS<br \/>\n<a href=\"http:\/\/www.mapmarrakech.ma\/fr\/enseignement-superieur-ouverture-des-candidatures-le-15-juin\/\">Cliquez ici pour lire l&rsquo;article depuis sa source.<\/a><\/p>\n","protected":false},"excerpt":{"rendered":"<p>Les candidatures sont ouvertes \u00e0 certains \u00e9tablissements d\u2019enseignement sup\u00e9rieur, \u00e0 partir du 15 juin, au titre de l\u2019ann\u00e9e universitaire 2021-2022, a annonc\u00e9 le d\u00e9partement de l\u2019Enseignement sup\u00e9rieur et de la Recherche scientifique. Les \u00e9tablissements concern\u00e9s sont les facult\u00e9s de m\u00e9decine et pharmacie et de m\u00e9decine dentaire, les \u00e9coles nationales de commerce et de gestion et [&hellip;]<\/p>\n","protected":false},"author":1788,"featured_media":0,"comment_status":"closed","ping_status":"closed","sticky":false,"template":"","format":"standard","meta":{"fifu_image_url":"http:\/\/www.mapmarrakech.ma\/map\/uploads\/2021\/06\/Si\u00e8ge-Minist\u00e8re-de-lu2019\u00c9ducation-Nationale-750\u00d7430-MAP.jpg","fifu_image_alt":"Enseignement sup\u00e9rieur: Ouverture des candidatures le 15 juin","footnotes":""},"categories":[54,76],"tags":[],"class_list":["post-118328","post","type-post","status-publish","format-standard","hentry","category-maroc","category-regions"],"_links":{"self":[{"href":"https:\/\/linitiative.ca\/International\/wp-json\/wp\/v2\/posts\/118328","targetHints":{"allow":["GET"]}}],"collection":[{"href":"https:\/\/linitiative.ca\/International\/wp-json\/wp\/v2\/posts"}],"about":[{"href":"https:\/\/linitiative.ca\/International\/wp-json\/wp\/v2\/types\/post"}],"author":[{"embeddable":true,"href":"https:\/\/linitiative.ca\/International\/wp-json\/wp\/v2\/users\/1788"}],"replies":[{"embeddable":true,"href":"https:\/\/linitiative.ca\/International\/wp-json\/wp\/v2\/comments?post=118328"}],"version-history":[{"count":0,"href":"https:\/\/linitiative.ca\/International\/wp-json\/wp\/v2\/posts\/118328\/revisions"}],"wp:attachment":[{"href":"https:\/\/linitiative.ca\/International\/wp-json\/wp\/v2\/media?parent=118328"}],"wp:term":[{"taxonomy":"category","embeddable":true,"href":"https:\/\/linitiative.ca\/International\/wp-json\/wp\/v2\/categories?post=118328"},{"taxonomy":"post_tag","embeddable":true,"href":"https:\/\/linitiative.ca\/International\/wp-json\/wp\/v2\/tags?post=118328"}],"curies":[{"name":"wp","href":"https:\/\/api.w.org\/{rel}","templated":true}]}}