{"id":118329,"date":"2021-06-09T19:55:30","date_gmt":"2021-06-09T23:55:30","guid":{"rendered":"https:\/\/linitiative.ca\/International\/demarrage-de-lexamen-national-unifie-du-bac-2021\/"},"modified":"2021-06-09T19:55:30","modified_gmt":"2021-06-09T23:55:30","slug":"demarrage-de-lexamen-national-unifie-du-bac-2021","status":"publish","type":"post","link":"https:\/\/linitiative.ca\/International\/demarrage-de-lexamen-national-unifie-du-bac-2021\/","title":{"rendered":"D\u00e9marrage de l\u2019examen national unifi\u00e9 du bac 2021"},"content":{"rendered":"<p><iframe loading=\"lazy\" width=\"1170\" height=\"658\" src=\"https:\/\/www.youtube.com\/embed\/b7XKQ-9fsgI?feature=oembed\" frameborder=\"0\" allow=\"accelerometer; autoplay; clipboard-write; encrypted-media; gyroscope; picture-in-picture\" allowfullscreen=\"allowfullscreen\">[embedded content]<\/iframe><\/p>\n<div class=\"single-post-excerpt post-excerpt-bc\" readability=\"38\">\n<p>Le d\u00e9marrage de la session normale de l\u2019examen national unifi\u00e9 du baccalaur\u00e9at 2021 a eu lieu, mardi au niveau de la r\u00e9gion Marrakech-Safi, dans le respect scrupuleux des mesures sanitaires et pr\u00e9ventives exceptionnelles, prises par les services concern\u00e9s pour lutter contre la propagation de la Covid-19.<\/p>\n<\/div>\n<p>Auteur: Meriem IGASS<br \/>\n<a href=\"http:\/\/www.mapmarrakech.ma\/fr\/demarrage-de-lexamen-national-unifie-du-bac-2021\/\">Cliquez ici pour lire l&rsquo;article depuis sa source.<\/a><\/p>\n","protected":false},"excerpt":{"rendered":"<p>[embedded content] Le d\u00e9marrage de la session normale de l\u2019examen national unifi\u00e9 du baccalaur\u00e9at 2021 a eu lieu, mardi au niveau de la r\u00e9gion Marrakech-Safi, dans le respect scrupuleux des mesures sanitaires et pr\u00e9ventives exceptionnelles, prises par les services concern\u00e9s pour lutter contre la propagation de la Covid-19. Auteur: Meriem IGASS Cliquez ici pour lire [&hellip;]<\/p>\n","protected":false},"author":1788,"featured_media":0,"comment_status":"closed","ping_status":"closed","sticky":false,"template":"","format":"standard","meta":{"fifu_image_url":"","fifu_image_alt":"","footnotes":""},"categories":[54,76],"tags":[],"class_list":["post-118329","post","type-post","status-publish","format-standard","hentry","category-maroc","category-regions"],"_links":{"self":[{"href":"https:\/\/linitiative.ca\/International\/wp-json\/wp\/v2\/posts\/118329","targetHints":{"allow":["GET"]}}],"collection":[{"href":"https:\/\/linitiative.ca\/International\/wp-json\/wp\/v2\/posts"}],"about":[{"href":"https:\/\/linitiative.ca\/International\/wp-json\/wp\/v2\/types\/post"}],"author":[{"embeddable":true,"href":"https:\/\/linitiative.ca\/International\/wp-json\/wp\/v2\/users\/1788"}],"replies":[{"embeddable":true,"href":"https:\/\/linitiative.ca\/International\/wp-json\/wp\/v2\/comments?post=118329"}],"version-history":[{"count":0,"href":"https:\/\/linitiative.ca\/International\/wp-json\/wp\/v2\/posts\/118329\/revisions"}],"wp:attachment":[{"href":"https:\/\/linitiative.ca\/International\/wp-json\/wp\/v2\/media?parent=118329"}],"wp:term":[{"taxonomy":"category","embeddable":true,"href":"https:\/\/linitiative.ca\/International\/wp-json\/wp\/v2\/categories?post=118329"},{"taxonomy":"post_tag","embeddable":true,"href":"https:\/\/linitiative.ca\/International\/wp-json\/wp\/v2\/tags?post=118329"}],"curies":[{"name":"wp","href":"https:\/\/api.w.org\/{rel}","templated":true}]}}