{"id":118330,"date":"2021-06-09T20:06:38","date_gmt":"2021-06-10T00:06:38","guid":{"rendered":"https:\/\/linitiative.ca\/International\/dementi-des-allegations-sur-letat-critique-dun-detenu\/"},"modified":"2021-06-09T20:06:38","modified_gmt":"2021-06-10T00:06:38","slug":"dementi-des-allegations-sur-letat-critique-dun-detenu","status":"publish","type":"post","link":"https:\/\/linitiative.ca\/International\/dementi-des-allegations-sur-letat-critique-dun-detenu\/","title":{"rendered":"D\u00e9menti des all\u00e9gations sur l\u2019\u00e9tat critique d\u2019un d\u00e9tenu"},"content":{"rendered":"<div class=\"single-featured\"><img alt=\"\" data-src=\"http:\/\/www.mapmarrakech.ma\/map\/uploads\/2021\/06\/prisonlocale.jpg\"\/><\/div>\n<div class=\"single-post-excerpt post-excerpt-bc\" readability=\"35\">\n<p>L\u2019administration de la prison locale d\u2019El Kel\u00e2a des Sraghna a qualifi\u00e9 de mensong\u00e8res les all\u00e9gations de la m\u00e8re du d\u00e9tenu (S.B) selon lesquelles l\u2019\u00e9tat de sant\u00e9 de son fils serait critique et qu\u2019il aurait \u00e9t\u00e9 harcel\u00e9 par l\u2019un des fonctionnaires de l\u2019\u00e9tablissement p\u00e9nitentiaire.<\/p>\n<\/div>\n<div class=\"entry-content clearfix single-post-content\" readability=\"52\">\n<p>Dans une mise au point parvenue mercredi \u00e0 la MAP, en r\u00e9action \u00e0 une vid\u00e9o relay\u00e9e par les sites \u00e9lectroniques dans laquelle la m\u00e8re du d\u00e9tenu pr\u00e9tend que \u00ab\u00a0son fils, qui a aval\u00e9 un coupe-ongle, se trouve dans un \u00e9tat de sant\u00e9 critique et qu\u2019il est harcel\u00e9 par l\u2019un des fonctionnaires\u00a0\u00bb, l\u2019administration de la prison a fait savoir que le pensionnaire b\u00e9n\u00e9ficie de la prise en charge sanitaire n\u00e9cessaire.<\/p>\n<p>En date du 03 juin 2021 le d\u00e9tenu a inform\u00e9 l\u2019administration de la prison qu\u2019il avait aval\u00e9 un coupe-ongle depuis le 09 mai 2021 pour des raisons familiales, a ajout\u00e9 la m\u00eame source, pr\u00e9cisant que le d\u00e9tenu a aussit\u00f4t \u00e9t\u00e9 examin\u00e9 par le m\u00e9decin de l\u2019\u00e9tablissement p\u00e9nitentiaire, qui lui a prescrit le traitement n\u00e9cessaire tout en assurant que son \u00e9tat de sant\u00e9 est stable. Le d\u00e9tenu a par la suite \u00e9t\u00e9 plac\u00e9 sous surveillance m\u00e9dicale.<\/p>\n<p>Par ailleurs, la mise au point a relev\u00e9 que le d\u00e9tenu a des ant\u00e9c\u00e9dents d\u2019automutilation dans les \u00e9tablissements p\u00e9nitentiaires qu\u2019il a occup\u00e9 avant son transfert \u00e0 la prison locale d\u2019El Kel\u00e2a des Sraghna.<\/p>\n<\/div>\n<p>Auteur: Meriem IGASS<br \/>\n<a href=\"http:\/\/www.mapmarrakech.ma\/fr\/dementi-des-allegations-sur-letat-critique-dun-detenu\/\">Cliquez ici pour lire l&rsquo;article depuis sa source.<\/a><\/p>\n","protected":false},"excerpt":{"rendered":"<p>L\u2019administration de la prison locale d\u2019El Kel\u00e2a des Sraghna a qualifi\u00e9 de mensong\u00e8res les all\u00e9gations de la m\u00e8re du d\u00e9tenu (S.B) selon lesquelles l\u2019\u00e9tat de sant\u00e9 de son fils serait critique et qu\u2019il aurait \u00e9t\u00e9 harcel\u00e9 par l\u2019un des fonctionnaires de l\u2019\u00e9tablissement p\u00e9nitentiaire. Dans une mise au point parvenue mercredi \u00e0 la MAP, en r\u00e9action [&hellip;]<\/p>\n","protected":false},"author":1788,"featured_media":0,"comment_status":"closed","ping_status":"closed","sticky":false,"template":"","format":"standard","meta":{"fifu_image_url":"http:\/\/www.mapmarrakech.ma\/map\/uploads\/2021\/06\/prisonlocale.jpg","fifu_image_alt":"D\u00e9menti des all\u00e9gations sur l\u2019\u00e9tat critique d\u2019un d\u00e9tenu","footnotes":""},"categories":[54,76],"tags":[],"class_list":["post-118330","post","type-post","status-publish","format-standard","hentry","category-maroc","category-regions"],"_links":{"self":[{"href":"https:\/\/linitiative.ca\/International\/wp-json\/wp\/v2\/posts\/118330","targetHints":{"allow":["GET"]}}],"collection":[{"href":"https:\/\/linitiative.ca\/International\/wp-json\/wp\/v2\/posts"}],"about":[{"href":"https:\/\/linitiative.ca\/International\/wp-json\/wp\/v2\/types\/post"}],"author":[{"embeddable":true,"href":"https:\/\/linitiative.ca\/International\/wp-json\/wp\/v2\/users\/1788"}],"replies":[{"embeddable":true,"href":"https:\/\/linitiative.ca\/International\/wp-json\/wp\/v2\/comments?post=118330"}],"version-history":[{"count":0,"href":"https:\/\/linitiative.ca\/International\/wp-json\/wp\/v2\/posts\/118330\/revisions"}],"wp:attachment":[{"href":"https:\/\/linitiative.ca\/International\/wp-json\/wp\/v2\/media?parent=118330"}],"wp:term":[{"taxonomy":"category","embeddable":true,"href":"https:\/\/linitiative.ca\/International\/wp-json\/wp\/v2\/categories?post=118330"},{"taxonomy":"post_tag","embeddable":true,"href":"https:\/\/linitiative.ca\/International\/wp-json\/wp\/v2\/tags?post=118330"}],"curies":[{"name":"wp","href":"https:\/\/api.w.org\/{rel}","templated":true}]}}