{"id":118334,"date":"2021-06-09T18:35:33","date_gmt":"2021-06-09T22:35:33","guid":{"rendered":"https:\/\/linitiative.ca\/International\/oujda-angad-lancement-dun-concours-didees-de-projets-innovants\/"},"modified":"2021-06-09T18:35:33","modified_gmt":"2021-06-09T22:35:33","slug":"oujda-angad-lancement-dun-concours-didees-de-projets-innovants","status":"publish","type":"post","link":"https:\/\/linitiative.ca\/International\/oujda-angad-lancement-dun-concours-didees-de-projets-innovants\/","title":{"rendered":"Oujda-Angad : Lancement d\u2019un concours d\u2019id\u00e9es de projets innovants"},"content":{"rendered":"<p class=\"c4\">Le Comit\u00e9 provincial de d\u00e9veloppement humain de la pr\u00e9fecture d\u2019Oujda-Angad a annonc\u00e9 le lancement d\u2019un concours d\u2019id\u00e9es de projets, destin\u00e9 aux jeunes porteurs de projets innovants dans le domaine des nouvelles technologies.<\/p>\n<p class=\"c4\">Ce concours vise les jeunes r\u00e9sidant sur le territoire de la pr\u00e9fecture d\u2019Oujda-Angad, qui seront en lice pour b\u00e9n\u00e9ficier du soutien destin\u00e9 aux jeunes porteurs de projets g\u00e9n\u00e9rateurs de revenus et cr\u00e9ateurs d\u2019opportunit\u00e9s d\u2019emploi au titre de l\u2019ann\u00e9e 2021, indique un communiqu\u00e9 de la pr\u00e9fecture.<\/p>\n<p class=\"c4\">Cette initiative s\u2019inscrit dans le cadre de la mise en \u0153uvre de la troisi\u00e8me phase de l\u2019Initiative nationale pour le d\u00e9veloppement humain (INDH, 2019-2023), plus pr\u00e9cis\u00e9ment le programme d\u2019am\u00e9lioration du revenu et inclusion \u00e9conomique des jeunes. Elle est men\u00e9e en partenariat avec l\u2019association de soutien aux entreprises et \u00e0 l\u2019employabilit\u00e9.<\/p>\n<p class=\"c4\">Le concours est destin\u00e9 aux coop\u00e9ratives et leurs f\u00e9d\u00e9rations, aux soci\u00e9t\u00e9s de capitaux et de personnes, aux groupements d\u2019int\u00e9r\u00eat \u00e9conomique et aux auto-entrepreneurs.<\/p>\n<p class=\"c4\">Cette initiative cible aussi les jeunes porteurs de projets et d\u2019id\u00e9es de projets r\u00e9alisables dans l\u2019ensemble des secteurs \u00e9conomiques prometteurs au niveau du territoire de la pr\u00e9fecture d\u2019Oujda-Angad, selon une approche de soutien \u00e0 l\u2019\u00e9conomie sociale et solidaire.<\/p>\n<p class=\"c4\">Les candidats doivent \u00eatre \u00e2g\u00e9s entre 18 et 35 ans, sachant que le Comit\u00e9 r\u00e9gional de d\u00e9veloppement humain peut accorder des exceptions allant jusqu\u2019\u00e0 45 ans.<\/p>\n<p class=\"c4\">Les domaines de financement concern\u00e9s par ce concours d\u2019id\u00e9es englobent les projets innovants \u00e0 fort impact en mati\u00e8re des nouvelles technologies et les projets g\u00e9n\u00e9rateurs de revenu issus de l\u2019\u00e9tude des cha\u00eenes de production des secteurs de l\u2019agriculture, l\u2019artisanat et du tourisme.<\/p>\n<p class=\"c4\">A noter que les projets retenus seront financ\u00e9s \u00e0 60% par l\u2019INDH, le reste du financement devant \u00eatre apport\u00e9 par le porteur de projet. Le plafond des subventions est fix\u00e9 \u00e0 300.000 DH pour les soci\u00e9t\u00e9s et les coop\u00e9ratives et 100.000 pour les auto-entrepreneurs.<\/p>\n<p class=\"c4\">Les dossiers de participation \u00e0 ce concours d\u2019id\u00e9es doivent \u00eatre remis avant le 25 juin courant \u00e0 16h30, date de rigueur, au niveau de la Plateforme des jeunes d\u2019Oujda-Angad.<\/p>\n<p>Auteur: Soufiane ELAHMAR<br \/>\n<a href=\"http:\/\/www.mapoujda.ma\/fr\/oujda-angad-lancement-dun-concours-didees-de-projets-innovants\/\">Cliquez ici pour lire l&rsquo;article depuis sa source.<\/a><\/p>\n","protected":false},"excerpt":{"rendered":"<p>Le Comit\u00e9 provincial de d\u00e9veloppement humain de la pr\u00e9fecture d\u2019Oujda-Angad a annonc\u00e9 le lancement d\u2019un concours d\u2019id\u00e9es de projets, destin\u00e9 aux jeunes porteurs de projets innovants dans le domaine des nouvelles technologies. Ce concours vise les jeunes r\u00e9sidant sur le territoire de la pr\u00e9fecture d\u2019Oujda-Angad, qui seront en lice pour b\u00e9n\u00e9ficier du soutien destin\u00e9 aux [&hellip;]<\/p>\n","protected":false},"author":1788,"featured_media":0,"comment_status":"closed","ping_status":"closed","sticky":false,"template":"","format":"standard","meta":{"fifu_image_url":"","fifu_image_alt":"","footnotes":""},"categories":[54,76],"tags":[],"class_list":["post-118334","post","type-post","status-publish","format-standard","hentry","category-maroc","category-regions"],"_links":{"self":[{"href":"https:\/\/linitiative.ca\/International\/wp-json\/wp\/v2\/posts\/118334","targetHints":{"allow":["GET"]}}],"collection":[{"href":"https:\/\/linitiative.ca\/International\/wp-json\/wp\/v2\/posts"}],"about":[{"href":"https:\/\/linitiative.ca\/International\/wp-json\/wp\/v2\/types\/post"}],"author":[{"embeddable":true,"href":"https:\/\/linitiative.ca\/International\/wp-json\/wp\/v2\/users\/1788"}],"replies":[{"embeddable":true,"href":"https:\/\/linitiative.ca\/International\/wp-json\/wp\/v2\/comments?post=118334"}],"version-history":[{"count":0,"href":"https:\/\/linitiative.ca\/International\/wp-json\/wp\/v2\/posts\/118334\/revisions"}],"wp:attachment":[{"href":"https:\/\/linitiative.ca\/International\/wp-json\/wp\/v2\/media?parent=118334"}],"wp:term":[{"taxonomy":"category","embeddable":true,"href":"https:\/\/linitiative.ca\/International\/wp-json\/wp\/v2\/categories?post=118334"},{"taxonomy":"post_tag","embeddable":true,"href":"https:\/\/linitiative.ca\/International\/wp-json\/wp\/v2\/tags?post=118334"}],"curies":[{"name":"wp","href":"https:\/\/api.w.org\/{rel}","templated":true}]}}