{"id":118335,"date":"2021-06-09T19:44:17","date_gmt":"2021-06-09T23:44:17","guid":{"rendered":"https:\/\/linitiative.ca\/International\/oujda-hausse-de-21-pc-de-lipc-en-avril-dernier\/"},"modified":"2021-06-09T19:44:17","modified_gmt":"2021-06-09T23:44:17","slug":"oujda-hausse-de-21-pc-de-lipc-en-avril-dernier","status":"publish","type":"post","link":"https:\/\/linitiative.ca\/International\/oujda-hausse-de-21-pc-de-lipc-en-avril-dernier\/","title":{"rendered":"Oujda : Hausse de 2,1 pc de l\u2019IPC en avril dernier"},"content":{"rendered":"<p class=\"c4\">L\u2019indice des prix \u00e0 la consommation (IPC) au niveau de la ville d\u2019Oujda a connu, au cours du mois d\u2019avril 2021, une hausse de 2,1% par rapport au mois pr\u00e9c\u00e9dent.<\/p>\n<p class=\"c4\">Cette augmentation est le r\u00e9sultat de la hausse de l\u2019indice des produits alimentaires de 4,8% et de l\u2019l\u2019indice des produits non alimentaires de 0,1%, indique une note de la Direction r\u00e9gionale de l\u2019Oriental du Haut-Commissariat au Plan (HCP).<\/p>\n<p class=\"c4\">Les prix des produits alimentaires ont connu entre mars et avril de l\u2019ann\u00e9e 2021 des hausses importantes notamment pour les \u00abFruits\u00bb avec 34,3%, les \u00abPoissons et fruits de mer\u00bb avec 16 %, les \u00abviandes\u00bb avec 3,4%, les \u00abL\u00e9gumes\u00bb avec 2,9% et les \u00abHuiles et Graisses\u00bb avec 1,6%.<\/p>\n<p class=\"c4\">Compar\u00e9 au m\u00eame mois de l\u2019ann\u00e9e pr\u00e9c\u00e9dente, l\u2019IPC a enregistr\u00e9 une hausse de 1,5% au cours du mois d\u2019avril 2021, rel\u00e8ve la note, pr\u00e9cisant que cette progression est le r\u00e9sultat de la hausse de l\u2019indice des produits alimentaires de 1,2% et de celui des produits non alimentaires de 1,5%.<\/p>\n<p class=\"c4\">La hausse de l\u2019indice des produits alimentaires provient de la hausse des prix des \u00abProduits alimentaires et boissons non alcoolis\u00e9es\u00bb de 1,1% et des prix des \u00abBoissons alcoolis\u00e9es et tabac\u00bb de 4,3%.<\/p>\n<p class=\"c4\">Pour ce qui est des produits non alimentaires, les variations importantes enregistr\u00e9es varient d\u2019une baisse de 1,6% pour l\u2019indice des produits \u00abArticles d\u2019habillements et chaussures \u00bb \u00e0 une hausse de 9,5% pour l\u2019indice des produits \u00abTransport\u00bb.<\/p>\n<p class=\"c4\">Concernant les quatre premiers mois de l\u2019ann\u00e9e 2021, l\u2019indice des prix \u00e0 la consommation a connu une l\u00e9g\u00e8re hausse de 0,1% par rapport \u00e0 la m\u00eame p\u00e9riode de l\u2019ann\u00e9e pr\u00e9c\u00e9dente due \u00e0 la baisse de l\u2019indice des produits alimentaires de 0,6% et \u00e0 la hausse de l\u2019indice des produits non alimentaires de 0,6%.<\/p>\n<p class=\"c4\">L\u2019IPC mesure l\u2019\u00e9volution relative des prix de vente au d\u00e9tail des produits de consommation courante de la population urbaine dans le temps et dans l\u2019espace. Il sert essentiellement \u00e0 mesurer le niveau g\u00e9n\u00e9ral de l\u2019inflation, suivre et analyser la conjoncture \u00e9conomique et d\u00e9flater les agr\u00e9gats macro\u00e9conomiques de la comptabilit\u00e9 nationale.<\/p>\n<p>Auteur: Soufiane ELAHMAR<br \/>\n<a href=\"http:\/\/www.mapoujda.ma\/fr\/oujda-hausse-de-21-pc-de-lipc-en-avril-dernier\/\">Cliquez ici pour lire l&rsquo;article depuis sa source.<\/a><\/p>\n","protected":false},"excerpt":{"rendered":"<p>L\u2019indice des prix \u00e0 la consommation (IPC) au niveau de la ville d\u2019Oujda a connu, au cours du mois d\u2019avril 2021, une hausse de 2,1% par rapport au mois pr\u00e9c\u00e9dent. Cette augmentation est le r\u00e9sultat de la hausse de l\u2019indice des produits alimentaires de 4,8% et de l\u2019l\u2019indice des produits non alimentaires de 0,1%, indique [&hellip;]<\/p>\n","protected":false},"author":1788,"featured_media":0,"comment_status":"closed","ping_status":"closed","sticky":false,"template":"","format":"standard","meta":{"fifu_image_url":"","fifu_image_alt":"","footnotes":""},"categories":[54,76],"tags":[],"class_list":["post-118335","post","type-post","status-publish","format-standard","hentry","category-maroc","category-regions"],"_links":{"self":[{"href":"https:\/\/linitiative.ca\/International\/wp-json\/wp\/v2\/posts\/118335","targetHints":{"allow":["GET"]}}],"collection":[{"href":"https:\/\/linitiative.ca\/International\/wp-json\/wp\/v2\/posts"}],"about":[{"href":"https:\/\/linitiative.ca\/International\/wp-json\/wp\/v2\/types\/post"}],"author":[{"embeddable":true,"href":"https:\/\/linitiative.ca\/International\/wp-json\/wp\/v2\/users\/1788"}],"replies":[{"embeddable":true,"href":"https:\/\/linitiative.ca\/International\/wp-json\/wp\/v2\/comments?post=118335"}],"version-history":[{"count":0,"href":"https:\/\/linitiative.ca\/International\/wp-json\/wp\/v2\/posts\/118335\/revisions"}],"wp:attachment":[{"href":"https:\/\/linitiative.ca\/International\/wp-json\/wp\/v2\/media?parent=118335"}],"wp:term":[{"taxonomy":"category","embeddable":true,"href":"https:\/\/linitiative.ca\/International\/wp-json\/wp\/v2\/categories?post=118335"},{"taxonomy":"post_tag","embeddable":true,"href":"https:\/\/linitiative.ca\/International\/wp-json\/wp\/v2\/tags?post=118335"}],"curies":[{"name":"wp","href":"https:\/\/api.w.org\/{rel}","templated":true}]}}