{"id":118338,"date":"2021-06-10T09:46:25","date_gmt":"2021-06-10T13:46:25","guid":{"rendered":"https:\/\/linitiative.ca\/International\/lammc-presente-son-plan-strategique-2021-2023\/"},"modified":"2021-06-10T09:46:25","modified_gmt":"2021-06-10T13:46:25","slug":"lammc-presente-son-plan-strategique-2021-2023","status":"publish","type":"post","link":"https:\/\/linitiative.ca\/International\/lammc-presente-son-plan-strategique-2021-2023\/","title":{"rendered":"L&rsquo;AMMC pr\u00e9sente son plan strat\u00e9gique 2021-2023"},"content":{"rendered":"<p class=\"rtejustify\">Le march\u00e9 des capitaux se dote d\u2019un deuxi\u00e8me plan strat\u00e9gique dans un contexte particulier marqu\u00e9 par la pand\u00e9mie du Coronavirus. Ce plan, qui vient d\u2019\u00eatre pr\u00e9sent\u00e9 \u00e0 Rabat, couvre la p\u00e9riode 2021-2023 et prend en compte les enseignements et les d\u00e9fis de la crise. Selon l\u2019AMMC, il vise \u00e0 \u00ab contribuer \u00e0 l\u2019\u00e9dification d\u2019une \u00e9conomie attractive et plus comp\u00e9titive \u00bb.<\/p>\n<p class=\"rtejustify\">Fruit d\u2019un travail collaboratif entre l\u2019AMMC et les acteurs du march\u00e9 et nourrie de l\u2019exp\u00e9rience de ces derni\u00e8res ann\u00e9es, ce plan comporte 4 grands piliers d\u00e9clin\u00e9s en 10 leviers d\u2019actions prioritaires, d\u00e9taille l\u2019Autorit\u00e9. Le premier pilier vise ainsi \u00e0 faciliter le recours au financement par le march\u00e9 des capitaux, ce qui constitue un enjeu \u00ab vital \u00bb pour l\u2019entreprise afin de lui permettre de d\u00e9velopper son activit\u00e9 et assurer sa p\u00e9rennit\u00e9, indique l\u2019AMMC.<\/p>\n<p class=\"rtejustify\">Le plan vise \u00e9galement \u00e0 \u00ab promouvoir une r\u00e9gulation adapt\u00e9e \u00e0 l\u2019Innovation \u00bb. Dans ce domaine, le march\u00e9 sera ouvert aux derni\u00e8res innovations de l\u2019industrie financi\u00e8re \u00ab tout en pr\u00e9servant son bon fonctionnement, la protection des \u00e9pargnants et la stabilit\u00e9 financi\u00e8re. En outre, l\u2019Autorit\u00e9 entend renforcer la protection de l\u2019\u00e9pargne \u00ab en consolidant la nouvelle approche de supervision \u00bb.<\/p>\n<p class=\"rtejustify\">Enfin, le dernier pilier de ce plan strat\u00e9gique mettra l\u2019accent sur l\u2019acc\u00e9l\u00e9ration de la modernisation du march\u00e9 via notamment la transformation digitale.<\/p>\n<p>Auteur: mbasraoui<br \/>\n<a href=\"https:\/\/www.leconomiste.com\/flash-infos\/l-ammc-presente-son-plan-strategique-2021-2023\">Cliquez ici pour lire l&rsquo;article depuis sa source.<\/a><\/p>\n","protected":false},"excerpt":{"rendered":"<p>Le march\u00e9 des capitaux se dote d\u2019un deuxi\u00e8me plan strat\u00e9gique dans un contexte particulier marqu\u00e9 par la pand\u00e9mie du Coronavirus. Ce plan, qui vient d\u2019\u00eatre pr\u00e9sent\u00e9 \u00e0 Rabat, couvre la p\u00e9riode 2021-2023 et prend en compte les enseignements et les d\u00e9fis de la crise. Selon l\u2019AMMC, il vise \u00e0 \u00ab contribuer \u00e0 l\u2019\u00e9dification d\u2019une \u00e9conomie [&hellip;]<\/p>\n","protected":false},"author":1763,"featured_media":0,"comment_status":"closed","ping_status":"closed","sticky":false,"template":"","format":"standard","meta":{"fifu_image_url":"","fifu_image_alt":"","footnotes":""},"categories":[78,54],"tags":[],"class_list":["post-118338","post","type-post","status-publish","format-standard","hentry","category-economie","category-maroc"],"_links":{"self":[{"href":"https:\/\/linitiative.ca\/International\/wp-json\/wp\/v2\/posts\/118338","targetHints":{"allow":["GET"]}}],"collection":[{"href":"https:\/\/linitiative.ca\/International\/wp-json\/wp\/v2\/posts"}],"about":[{"href":"https:\/\/linitiative.ca\/International\/wp-json\/wp\/v2\/types\/post"}],"author":[{"embeddable":true,"href":"https:\/\/linitiative.ca\/International\/wp-json\/wp\/v2\/users\/1763"}],"replies":[{"embeddable":true,"href":"https:\/\/linitiative.ca\/International\/wp-json\/wp\/v2\/comments?post=118338"}],"version-history":[{"count":0,"href":"https:\/\/linitiative.ca\/International\/wp-json\/wp\/v2\/posts\/118338\/revisions"}],"wp:attachment":[{"href":"https:\/\/linitiative.ca\/International\/wp-json\/wp\/v2\/media?parent=118338"}],"wp:term":[{"taxonomy":"category","embeddable":true,"href":"https:\/\/linitiative.ca\/International\/wp-json\/wp\/v2\/categories?post=118338"},{"taxonomy":"post_tag","embeddable":true,"href":"https:\/\/linitiative.ca\/International\/wp-json\/wp\/v2\/tags?post=118338"}],"curies":[{"name":"wp","href":"https:\/\/api.w.org\/{rel}","templated":true}]}}