{"id":118339,"date":"2021-06-10T09:54:07","date_gmt":"2021-06-10T13:54:07","guid":{"rendered":"https:\/\/linitiative.ca\/International\/covid19-le-danemark-abandonne-les-masques\/"},"modified":"2021-06-10T09:54:07","modified_gmt":"2021-06-10T13:54:07","slug":"covid19-le-danemark-abandonne-les-masques","status":"publish","type":"post","link":"https:\/\/linitiative.ca\/International\/covid19-le-danemark-abandonne-les-masques\/","title":{"rendered":"COVID19: Le Danemark abandonne les masques"},"content":{"rendered":"<p class=\"rtejustify\">Le gouvernement danois a conclu, jeudi, un accord avec les partis parlementaires pour mettre fin, \u00e0 partir de lundi prochain, au port obligatoire des masques faciaux dans tous le domaines, \u00e0 l&rsquo;exception des transports publics.<\/p>\n<p class=\"rtejustify\">En vertu de cet accord, conclu \u00e0 la suite de n\u00e9gociations marathon toute la nuit de mercredi \u00e0 jeudi, l&rsquo;obligation de porter un masque facial sera compl\u00e8tement supprim\u00e9e \u00e0 partir du 1er octobre. Le \u00ab\u00a0coronapas\u00a0\u00bb commencera \u00e9galement \u00e0 \u00eatre progressivement supprim\u00e9 \u00e0 partir de lundi, lorsque ceux qui visitent les biblioth\u00e8ques publiques et participent \u00e0 des activit\u00e9s organis\u00e9es par des clubs et des organisations b\u00e9n\u00e9voles ne seront plus tenus d&rsquo;en pr\u00e9senter un. \u00c0 partir du 1er ao\u00fbt, un \u00ab\u00a0coronapas\u00a0\u00bb valide ne sera plus n\u00e9cessaire dans les th\u00e9\u00e2tres, les salles de concert, les activit\u00e9s sportives en salle et un large \u00e9ventail d&rsquo;autres lieux et, \u00e0 partir du 1er septembre, on n&rsquo;aura plus besoin d&rsquo;en pr\u00e9senter un dans les restaurants, les salons de coiffure ou les salles de sport, avant d&rsquo;\u00eatre compl\u00e8tement supprim\u00e9 d\u00e9but octobre. Les partis ont \u00e9galement convenu d&rsquo;\u00e9tendre les heures d&rsquo;ouverture des bars et des restaurants \u00e0 partir de ce vendredi de 23 heures \u00e0 minuit, l&rsquo;heure de fermeture devant \u00eatre repouss\u00e9e \u00e0 2 heures du matin le 15 juillet.<\/p>\n<p class=\"rtejustify\">L&rsquo;accord \u00e9tend \u00e9galement la dur\u00e9e pendant laquelle un test PCR n\u00e9gatif fournit un coronapas valide \u00e0 96 heures. \u00ab\u00a0C&rsquo;est une ouverture marqu\u00e9e de la soci\u00e9t\u00e9 danoise\u00a0\u00bb, a d\u00e9clar\u00e9 Magnus Heunicke, ministre de la Sant\u00e9. \u00ab\u00a0L&rsquo;infection est en baisse, 2,5 millions de personnes ont re\u00e7u au moins une dose de vaccination et le beau temps joue en notre faveur\u00a0\u00bb, a-t-il soulign\u00e9.<\/p>\n<p class=\"rtejustify\">\u00a0<\/p>\n<p>Auteur: mbasraoui<br \/>\n<a href=\"https:\/\/www.leconomiste.com\/flash-infos\/covid19-le-danemark-abandonne-les-masques\">Cliquez ici pour lire l&rsquo;article depuis sa source.<\/a><\/p>\n","protected":false},"excerpt":{"rendered":"<p>Le gouvernement danois a conclu, jeudi, un accord avec les partis parlementaires pour mettre fin, \u00e0 partir de lundi prochain, au port obligatoire des masques faciaux dans tous le domaines, \u00e0 l&rsquo;exception des transports publics. En vertu de cet accord, conclu \u00e0 la suite de n\u00e9gociations marathon toute la nuit de mercredi \u00e0 jeudi, l&rsquo;obligation [&hellip;]<\/p>\n","protected":false},"author":1763,"featured_media":0,"comment_status":"closed","ping_status":"closed","sticky":false,"template":"","format":"standard","meta":{"fifu_image_url":"","fifu_image_alt":"","footnotes":""},"categories":[78,54],"tags":[],"class_list":["post-118339","post","type-post","status-publish","format-standard","hentry","category-economie","category-maroc"],"_links":{"self":[{"href":"https:\/\/linitiative.ca\/International\/wp-json\/wp\/v2\/posts\/118339","targetHints":{"allow":["GET"]}}],"collection":[{"href":"https:\/\/linitiative.ca\/International\/wp-json\/wp\/v2\/posts"}],"about":[{"href":"https:\/\/linitiative.ca\/International\/wp-json\/wp\/v2\/types\/post"}],"author":[{"embeddable":true,"href":"https:\/\/linitiative.ca\/International\/wp-json\/wp\/v2\/users\/1763"}],"replies":[{"embeddable":true,"href":"https:\/\/linitiative.ca\/International\/wp-json\/wp\/v2\/comments?post=118339"}],"version-history":[{"count":0,"href":"https:\/\/linitiative.ca\/International\/wp-json\/wp\/v2\/posts\/118339\/revisions"}],"wp:attachment":[{"href":"https:\/\/linitiative.ca\/International\/wp-json\/wp\/v2\/media?parent=118339"}],"wp:term":[{"taxonomy":"category","embeddable":true,"href":"https:\/\/linitiative.ca\/International\/wp-json\/wp\/v2\/categories?post=118339"},{"taxonomy":"post_tag","embeddable":true,"href":"https:\/\/linitiative.ca\/International\/wp-json\/wp\/v2\/tags?post=118339"}],"curies":[{"name":"wp","href":"https:\/\/api.w.org\/{rel}","templated":true}]}}