{"id":118342,"date":"2021-06-10T15:14:02","date_gmt":"2021-06-10T19:14:02","guid":{"rendered":"https:\/\/linitiative.ca\/International\/international-france-bonne-nouvelle-pour-benzema\/"},"modified":"2021-06-10T15:14:02","modified_gmt":"2021-06-10T19:14:02","slug":"international-france-bonne-nouvelle-pour-benzema","status":"publish","type":"post","link":"https:\/\/linitiative.ca\/International\/international-france-bonne-nouvelle-pour-benzema\/","title":{"rendered":"International : France : Bonne nouvelle pour Benzema"},"content":{"rendered":"<div readability=\"32\">\n<p>Auteur : <span class=\"time\">mercredi 09 juin 2021 21:23<\/span><\/p>\n<\/div>\n<div id=\"post_core\" readability=\"44\">\n<p>L&rsquo;inqui\u00e9tude \u00e9tait donc de mise dans l&rsquo;Hexagone mais ce mercredi apr\u00e8s-midi, RMC Sport affirmait que la blessure de KB9 n&rsquo;\u00e9tait pas si grave. On attendait alors le communiqu\u00e9 de la F\u00e9d\u00e9ration fran\u00e7aise de football (FFF), et celle-ci vient de r\u00e9agir.<\/p>\n<p>\u00ab\u00a0Karim Benzema souffre d&rsquo;une b\u00e9quille. Il est rest\u00e9 aux soins mais sa participation au match contre l&rsquo;Allemagne n&rsquo;est pas remise en cause\u00a0\u00bb, explique la FFF dans son communiqu\u00e9. Contre l&rsquo;Allemagne mardi soir, les Bleus devraient donc avoir Karim Benzema \u00e0 disposition. Une tr\u00e8s bonne nouvelle pour Didier Deschamps. A noter que dans le m\u00eame temps, la FFF a donn\u00e9 des nouvelles de deux autres joueurs : \u00ab\u00a0Adrien Rabiot a repris l&rsquo;entra\u00eenement collectif. Kingsley Coman a couru avec les kin\u00e9s et le pr\u00e9parateur physique.\u00a0\u00bb Des propos relay\u00e9s par Footmercato.<\/p>\n<p><strong>Publi\u00e9 dans :<\/strong> <span>France<\/span><\/p>\n<\/div>\n<p>Auteur:<br \/>\n<a href=\"http:\/\/www.lebuteur.com\/article\/detail?titre=france-bonne-nouvelle-pour-benzema&#038;id=100328&#038;utm_source=feedburner&#038;utm_medium=feed&#038;utm_campaign=Feed%3A+GalerieFArtciles+%28Les+derniers+articles++-+lebuteur.com%29\">Cliquez ici pour lire l&rsquo;article depuis sa source.<\/a><\/p>\n","protected":false},"excerpt":{"rendered":"<p>Auteur : mercredi 09 juin 2021 21:23 L&rsquo;inqui\u00e9tude \u00e9tait donc de mise dans l&rsquo;Hexagone mais ce mercredi apr\u00e8s-midi, RMC Sport affirmait que la blessure de KB9 n&rsquo;\u00e9tait pas si grave. On attendait alors le communiqu\u00e9 de la F\u00e9d\u00e9ration fran\u00e7aise de football (FFF), et celle-ci vient de r\u00e9agir. \u00ab\u00a0Karim Benzema souffre d&rsquo;une b\u00e9quille. Il est rest\u00e9 [&hellip;]<\/p>\n","protected":false},"author":1738,"featured_media":0,"comment_status":"closed","ping_status":"closed","sticky":false,"template":"","format":"standard","meta":{"fifu_image_url":"\/\/cdn.lebuteur.com\/data\/images\/article\/thumbs\/large-france-bonne-nouvelle-pour-benzema-29a36.jpg","fifu_image_alt":"International : France : Bonne nouvelle pour Benzema","footnotes":""},"categories":[53,75],"tags":[],"class_list":["post-118342","post","type-post","status-publish","format-standard","hentry","category-algerie","category-sport"],"_links":{"self":[{"href":"https:\/\/linitiative.ca\/International\/wp-json\/wp\/v2\/posts\/118342","targetHints":{"allow":["GET"]}}],"collection":[{"href":"https:\/\/linitiative.ca\/International\/wp-json\/wp\/v2\/posts"}],"about":[{"href":"https:\/\/linitiative.ca\/International\/wp-json\/wp\/v2\/types\/post"}],"author":[{"embeddable":true,"href":"https:\/\/linitiative.ca\/International\/wp-json\/wp\/v2\/users\/1738"}],"replies":[{"embeddable":true,"href":"https:\/\/linitiative.ca\/International\/wp-json\/wp\/v2\/comments?post=118342"}],"version-history":[{"count":0,"href":"https:\/\/linitiative.ca\/International\/wp-json\/wp\/v2\/posts\/118342\/revisions"}],"wp:attachment":[{"href":"https:\/\/linitiative.ca\/International\/wp-json\/wp\/v2\/media?parent=118342"}],"wp:term":[{"taxonomy":"category","embeddable":true,"href":"https:\/\/linitiative.ca\/International\/wp-json\/wp\/v2\/categories?post=118342"},{"taxonomy":"post_tag","embeddable":true,"href":"https:\/\/linitiative.ca\/International\/wp-json\/wp\/v2\/tags?post=118342"}],"curies":[{"name":"wp","href":"https:\/\/api.w.org\/{rel}","templated":true}]}}