{"id":118344,"date":"2021-06-10T15:14:06","date_gmt":"2021-06-10T19:14:06","guid":{"rendered":"https:\/\/linitiative.ca\/International\/international-france-mbappe-na-pas-apprecie-les-propos-de-giroud\/"},"modified":"2021-06-10T15:14:06","modified_gmt":"2021-06-10T19:14:06","slug":"international-france-mbappe-na-pas-apprecie-les-propos-de-giroud","status":"publish","type":"post","link":"https:\/\/linitiative.ca\/International\/international-france-mbappe-na-pas-apprecie-les-propos-de-giroud\/","title":{"rendered":"International : France : Mbapp\u00e9 n&rsquo;a pas appr\u00e9ci\u00e9 les propos de Giroud&#8230;"},"content":{"rendered":"<div readability=\"32\">\n<p>Auteur : <span class=\"time\">jeudi 10 juin 2021 08:10<\/span><\/p>\n<\/div>\n<div id=\"post_core\" readability=\"50\">\n<p>Si l&rsquo;attaquant de Chelsea a bien pris soin de ne viser personne, il ne fallait pas \u00eatre grand clair pour deviner que Kylian Mbapp\u00e9 \u00e9tait cibl\u00e9 par ses critiques comme l&rsquo;indique Football. Et \u00e0 en croire L\u2019Equipe, l&rsquo;attaquant du PSG n\u2019a gu\u00e8re appr\u00e9ci\u00e9 cette sortie du Savoyard. Tr\u00e8s remont\u00e9 contre son co\u00e9quipier, l\u2019ancien Mon\u00e9gasque a m\u00eame demand\u00e9 au staff de l\u2019\u00e9quipe de France d\u2019\u00eatre parmi les deux joueurs pr\u00e9sents en conf\u00e9rence de presse ce jeudi. Et ce afin de r\u00e9pondre au joueur des Blues. La requ\u00eate a \u00e9videmment \u00e9t\u00e9 rejet\u00e9e par Didier Deschamps, soucieux d\u2019\u00e9teindre la pol\u00e9mique.<\/p>\n<p>Un souci partag\u00e9 par Olivier Giroud, qui avait assur\u00e9, d\u00e8s mardi, qu\u2019\u00ab il n\u2019y a aucune amertume, ne vous inqui\u00e9tez pas\u00bb. Mais l\u2019attaquant de Chelsea a tenu \u00e0 parler \u00e0 Kylian Mbapp\u00e9, apr\u00e8s le d\u00e9jeuner et ce afin de dissiper tout malentendu. Mais les explications de l\u2019ancien Gunner n\u2019ont pas convaincu le meilleur buteur de Ligue 1, en col\u00e8re contre son partenaire.<\/p>\n<p><strong>Publi\u00e9 dans :<\/strong> <span>France<\/span><\/p>\n<\/div>\n<p>Auteur:<br \/>\n<a href=\"http:\/\/www.lebuteur.com\/article\/detail?titre=france-mbappe-na-pas-apprecie-les-propos-de-giroud&#038;id=100330&#038;utm_source=feedburner&#038;utm_medium=feed&#038;utm_campaign=Feed%3A+GalerieFArtciles+%28Les+derniers+articles++-+lebuteur.com%29\">Cliquez ici pour lire l&rsquo;article depuis sa source.<\/a><\/p>\n","protected":false},"excerpt":{"rendered":"<p>Auteur : jeudi 10 juin 2021 08:10 Si l&rsquo;attaquant de Chelsea a bien pris soin de ne viser personne, il ne fallait pas \u00eatre grand clair pour deviner que Kylian Mbapp\u00e9 \u00e9tait cibl\u00e9 par ses critiques comme l&rsquo;indique Football. Et \u00e0 en croire L\u2019Equipe, l&rsquo;attaquant du PSG n\u2019a gu\u00e8re appr\u00e9ci\u00e9 cette sortie du Savoyard. Tr\u00e8s [&hellip;]<\/p>\n","protected":false},"author":1738,"featured_media":0,"comment_status":"closed","ping_status":"closed","sticky":false,"template":"","format":"standard","meta":{"fifu_image_url":"\/\/cdn.lebuteur.com\/data\/images\/article\/thumbs\/large-france-mbappe-na-pas-apprecie-les-propos-de-giroud-6566f.jpg","fifu_image_alt":"International : France : Mbapp\u00e9 n'a pas appr\u00e9ci\u00e9 les propos de Giroud...","footnotes":""},"categories":[53,75],"tags":[],"class_list":["post-118344","post","type-post","status-publish","format-standard","hentry","category-algerie","category-sport"],"_links":{"self":[{"href":"https:\/\/linitiative.ca\/International\/wp-json\/wp\/v2\/posts\/118344","targetHints":{"allow":["GET"]}}],"collection":[{"href":"https:\/\/linitiative.ca\/International\/wp-json\/wp\/v2\/posts"}],"about":[{"href":"https:\/\/linitiative.ca\/International\/wp-json\/wp\/v2\/types\/post"}],"author":[{"embeddable":true,"href":"https:\/\/linitiative.ca\/International\/wp-json\/wp\/v2\/users\/1738"}],"replies":[{"embeddable":true,"href":"https:\/\/linitiative.ca\/International\/wp-json\/wp\/v2\/comments?post=118344"}],"version-history":[{"count":0,"href":"https:\/\/linitiative.ca\/International\/wp-json\/wp\/v2\/posts\/118344\/revisions"}],"wp:attachment":[{"href":"https:\/\/linitiative.ca\/International\/wp-json\/wp\/v2\/media?parent=118344"}],"wp:term":[{"taxonomy":"category","embeddable":true,"href":"https:\/\/linitiative.ca\/International\/wp-json\/wp\/v2\/categories?post=118344"},{"taxonomy":"post_tag","embeddable":true,"href":"https:\/\/linitiative.ca\/International\/wp-json\/wp\/v2\/tags?post=118344"}],"curies":[{"name":"wp","href":"https:\/\/api.w.org\/{rel}","templated":true}]}}