{"id":118347,"date":"2021-06-10T05:47:04","date_gmt":"2021-06-10T09:47:04","guid":{"rendered":"https:\/\/linitiative.ca\/International\/unites-publiques-de-production-dhabillement-en-cuir-sit-in-de-protestation-des-travailleurs-des-aujourdhui\/"},"modified":"2021-06-10T05:47:04","modified_gmt":"2021-06-10T09:47:04","slug":"unites-publiques-de-production-dhabillement-en-cuir-sit-in-de-protestation-des-travailleurs-des-aujourdhui","status":"publish","type":"post","link":"https:\/\/linitiative.ca\/International\/unites-publiques-de-production-dhabillement-en-cuir-sit-in-de-protestation-des-travailleurs-des-aujourdhui\/","title":{"rendered":"Unit\u00e9s publiques de production d\u2019habillement en cuir : Sit-in de protestation des travailleurs d\u00e8s aujourd\u2019hui"},"content":{"rendered":"<h4 class=\"title-14\"\/>\n<div class=\"featured_image\"><img loading=\"lazy\" decoding=\"async\" width=\"900\" height=\"506\" src=\"https:\/\/www.elwatan.com\/wp-content\/uploads\/2021\/06\/CUIR.gif\" class=\"attachment-post-thumbnail size-post-thumbnail wp-post-image\" alt=\"\"\/> <span class=\"featured-image-caption\">Photo : D. R. \/ Les travailleurs de l\u2019entreprise sp\u00e9cialis\u00e9e dans le cuir et ses d\u00e9riv\u00e9s ont perdu le march\u00e9 avec l\u2019institution militaire<\/span><\/div>\n<p class=\"p4\"><span class=\"s2\"><strong>Le syndicat d\u2019entreprise d\u00e9posera aujourd\u2019hui un pr\u00e9avis de gr\u00e8ve illimit\u00e9e \u00e0 partir du 25 juin.<\/strong><\/span><\/p>\n<p class=\"p4\"><span class=\"s2\"><strong>L<\/strong><\/span><span class=\"s2\">es quelque 600 travailleurs de l\u2019entreprise publique de production des cuirs et d\u00e9riv\u00e9s (ACED) entameront, d\u00e8s aujourd\u2019hui, un mouvement de protestation suivi d\u2019un pr\u00e9avis de gr\u00e8ve illimit\u00e9e \u00e0 partir du 25 juin.<\/span><\/p>\n<p class=\"p7\"><span class=\"s2\">Cette action de protestation, qui consiste en des sit-in quotidiens au niveau des six unit\u00e9s de production de cette entreprise, vise \u00e0 attirer l\u2019attention des pouvoirs publics sur la menace de disparition qui p\u00e8se sur cet outil public et les pertes des emplois que cela engendrerait dans des r\u00e9gions d\u00e9j\u00e0 rong\u00e9es par le ch\u00f4mage.<\/span><\/p>\n<p class=\"p7\"><span class=\"s2\">Le syndicat d\u2019entreprise affirme avoir recouru \u00e0 ce mouvement de protestation suite \u00e0 la perte par l\u2019ACED d\u2019importantes parts de march\u00e9 avec l\u2019institution militaire, qu\u2019elle fournit de longue date en divers produits de cuir.<\/span><\/p>\n<p class=\"p7\"><span class=\"s2\">Le syndicat dit avoir interpell\u00e9 les autorit\u00e9s et a m\u00eame adress\u00e9 une lettre ouverte au chef d\u2019\u00e9tat-major de l\u2019ANP afin qu\u2019il intervienne au profit de l\u2019ACED qui vit de ce march\u00e9.<\/span><\/p>\n<p class=\"p7\"><span class=\"s2\">Par le pass\u00e9, l\u2019ACED b\u00e9n\u00e9ficiait de plus de 50% du march\u00e9 de l\u2019institution militaire. Cette fois-ci, cette entreprise publique a obtenu moins de 10% de ce march\u00e9, dont le reste a \u00e9t\u00e9 octroy\u00e9 par l\u2019EPIC EHC de Kharouba \u00e0 des soci\u00e9t\u00e9s priv\u00e9es.<\/span><\/p>\n<p class=\"p7\"><span class=\"s2\">Pourtant, de l\u2019avis du syndicat, l\u2019ACED dispose de r\u00e9elles capacit\u00e9s de production lui permettant d\u2019honorer ce march\u00e9 dans les d\u00e9lais. Les parts perdues de ce march\u00e9 risquent d\u2019\u00eatre fatales pour cette entreprise publique, qui traverse une p\u00e9riode difficile.<\/span><\/p>\n<p class=\"p7\"><span class=\"s2\">Dans la lettre ouverte adress\u00e9e au chef d\u2019\u00e9tat-major de l\u2019ANP, le syndicat d\u2019entreprise a mis en avant la vitalit\u00e9 de ce march\u00e9 pour la survie de l\u2019entreprise.<\/span><\/p>\n<p class=\"p7\"><span class=\"s2\">Une entreprise qui contribue grandement au budget de l\u2019Etat \u00e0 travers le paiement de fortes taxes li\u00e9es au foncier et \u00e0 la protection de l\u2019environnement. Il rappelle dans ce sillage que l\u2019ACED a \u00e9t\u00e9 pendant de tr\u00e8s longues ann\u00e9es le fournisseur exclusif et l\u2019unique partenaire de l\u2019institution militaire en ce qui concerne les produits et l\u2019habillement en cuir.<\/span><\/p>\n<p class=\"p7\"><span class=\"s2\">Ce syndicat esp\u00e8re que les hautes autorit\u00e9s du pays interviennent afin que cette entreprise publique puisque r\u00e9cup\u00e9rer ses parts de march\u00e9 et pr\u00e9server ainsi les emplois.<\/span><\/p>\n<p class=\"p7\"><span class=\"s2\">Il est \u00e0 rappeler que les travailleurs de l\u2019ACED ont d\u00e9j\u00e0 observ\u00e9 une journ\u00e9e de protestation le 2 juin courant \u00e0 travers l\u2019ensemble des unit\u00e9s de production implant\u00e9es dans les wilayas d\u2019Alger, de Djelfa, de Jijel, de S\u00e9tif, Oum El Bouaghi et de Batna.<\/span><\/p>\n<p class=\"p7\"><span class=\"s2\">Les travailleurs ont appel\u00e9 les autorit\u00e9s civiles et militaires \u00e0 reconsid\u00e9rer la d\u00e9cision d\u2019octroi du march\u00e9 en grande partie \u00e0 des soci\u00e9t\u00e9s priv\u00e9es, estimant qu\u2019il y va de l\u2019avenir de leurs emplois. Pour eux, la perte de ce march\u00e9 \u00e9quivaut \u00e0 la mise \u00e0 mort de leur entreprise, dans un contexte socio\u00e9conomique difficile, o\u00f9 les opportunit\u00e9s d\u2019emploi sont tr\u00e8s rares dans les zones d\u2019implantation des unit\u00e9s de production de l\u2019ACED.\u00a0<\/span><\/p>\n<p><span class=\"post-views-label\">Post Views:<\/span> <span class=\"post-views-count\">337<\/span><\/p>\n<p><br class=\"c2\"\/><\/p>\n<div class=\"ichhar-moneytagnative c4\" id=\"ichhar-669941735\">\n<p>Advertisements<\/p>\n<\/div>\n<p><br class=\"c2\"\/><br \/>\n<br class=\"c5\"\/><\/p>\n<p>Auteur: Anis Khecheba<br \/>\n<a href=\"https:\/\/www.elwatan.com\/edition\/actualite\/sit-in-de-protestation-des-travailleurs-des-aujourdhui-10-06-2021\">Cliquez ici pour lire l&rsquo;article depuis sa source.<\/a><\/p>\n","protected":false},"excerpt":{"rendered":"<p>Photo : D. R. \/ Les travailleurs de l\u2019entreprise sp\u00e9cialis\u00e9e dans le cuir et ses d\u00e9riv\u00e9s ont perdu le march\u00e9 avec l\u2019institution militaire Le syndicat d\u2019entreprise d\u00e9posera aujourd\u2019hui un pr\u00e9avis de gr\u00e8ve illimit\u00e9e \u00e0 partir du 25 juin. Les quelque 600 travailleurs de l\u2019entreprise publique de production des cuirs et d\u00e9riv\u00e9s (ACED) entameront, d\u00e8s aujourd\u2019hui, [&hellip;]<\/p>\n","protected":false},"author":1743,"featured_media":0,"comment_status":"closed","ping_status":"closed","sticky":false,"template":"","format":"standard","meta":{"fifu_image_url":"https:\/\/www.elwatan.com\/wp-content\/uploads\/2021\/06\/CUIR.gif","fifu_image_alt":"Unit\u00e9s publiques de production d\u2019habillement en cuir : Sit-in de protestation des travailleurs d\u00e8s aujourd\u2019hui","footnotes":""},"categories":[73,53],"tags":[],"class_list":["post-118347","post","type-post","status-publish","format-standard","hentry","category-actualite","category-algerie"],"_links":{"self":[{"href":"https:\/\/linitiative.ca\/International\/wp-json\/wp\/v2\/posts\/118347","targetHints":{"allow":["GET"]}}],"collection":[{"href":"https:\/\/linitiative.ca\/International\/wp-json\/wp\/v2\/posts"}],"about":[{"href":"https:\/\/linitiative.ca\/International\/wp-json\/wp\/v2\/types\/post"}],"author":[{"embeddable":true,"href":"https:\/\/linitiative.ca\/International\/wp-json\/wp\/v2\/users\/1743"}],"replies":[{"embeddable":true,"href":"https:\/\/linitiative.ca\/International\/wp-json\/wp\/v2\/comments?post=118347"}],"version-history":[{"count":0,"href":"https:\/\/linitiative.ca\/International\/wp-json\/wp\/v2\/posts\/118347\/revisions"}],"wp:attachment":[{"href":"https:\/\/linitiative.ca\/International\/wp-json\/wp\/v2\/media?parent=118347"}],"wp:term":[{"taxonomy":"category","embeddable":true,"href":"https:\/\/linitiative.ca\/International\/wp-json\/wp\/v2\/categories?post=118347"},{"taxonomy":"post_tag","embeddable":true,"href":"https:\/\/linitiative.ca\/International\/wp-json\/wp\/v2\/tags?post=118347"}],"curies":[{"name":"wp","href":"https:\/\/api.w.org\/{rel}","templated":true}]}}