{"id":118348,"date":"2021-06-10T05:49:11","date_gmt":"2021-06-10T09:49:11","guid":{"rendered":"https:\/\/linitiative.ca\/International\/une-molle-journee-de-campagne-a-bouinan\/"},"modified":"2021-06-10T05:49:11","modified_gmt":"2021-06-10T09:49:11","slug":"une-molle-journee-de-campagne-a-bouinan","status":"publish","type":"post","link":"https:\/\/linitiative.ca\/International\/une-molle-journee-de-campagne-a-bouinan\/","title":{"rendered":"Une molle journ\u00e9e de campagne \u00e0 Bouinan"},"content":{"rendered":"<h4 class=\"title-14\">\u00c0 quelques encablures du scrutin<\/h4>\n<div class=\"featured_image\"><img loading=\"lazy\" decoding=\"async\" width=\"1200\" height=\"910\" src=\"https:\/\/www.elwatan.com\/wp-content\/uploads\/2021\/06\/bouinan.lyes_.gif\" class=\"attachment-post-thumbnail size-post-thumbnail wp-post-image\" alt=\"\"\/> <span class=\"featured-image-caption\">Photo : H. Ly\u00e8s<\/span><\/div>\n<p class=\"p3\"><span class=\"s1\"><strong>Reportage dans la ville de Bouinan, au c\u0153ur de la Mitidja, pour prendre le pouls de l\u2019\u00e9lectorat local et t\u00e2ter l\u2019ambiance g\u00e9n\u00e9rale \u00e0 quelques jours des l\u00e9gislatives\u2026<\/strong><\/span><\/p>\n<p class=\"p3\"><span class=\"s2\"><strong>D<\/strong><\/span>imanche 6 juin 2021. Nous sommes \u00e0 Bouinan, petite ville plant\u00e9e au c\u0153ur de la Mitidja, dans la wilaya de Blida. Elle est exactement situ\u00e9e \u00e0 une quinzaine de kilom\u00e8tres au nord-est du chef-lieu de wilaya et \u00e0 environ 35 km au sud d\u2019Alger.<\/p>\n<p class=\"p6\"><span class=\"s2\">Pour y aller, nous avons emprunt\u00e9 le nouveau tron\u00e7on autoroutier (le chemin de wilaya 114) qui connecte Bouinan \u00e0 l\u2019autoroute Est-Ouest via l\u2019\u00e9changeur de Baba Ali. Nous avons ensuite recoup\u00e9 la RN29, l\u2019axe routier qui relie les communes de Bougara et Larba\u00e2, \u00e0 l\u2019est de la Mitidja, \u00e0 la ville de Bouinan, avant de continuer jusqu\u2019aux portes de Blida.<\/span><\/p>\n<p class=\"p6\"><span class=\"s2\">En se rapprochant de notre destination, la premi\u00e8re image qui retient notre attention, c\u2019est la for\u00eat de nouvelles cit\u00e9s de Hassa\u00efnia, perch\u00e9es sur les collines qui surplombent l\u2019agglom\u00e9ration de Bouinan. Il faut dire qu\u2019avec le m\u00e9gaprojet de la Ville nouvelle de Bouinan (cr\u00e9\u00e9e par d\u00e9cret le 1<sup>er<\/sup> avril 2004), la r\u00e9gion conna\u00eet un boom immobilier spectaculaire.<\/span><\/p>\n<p class=\"p6\"><span class=\"s2\">A perte de vue, des cit\u00e9s, des cit\u00e9s, des cit\u00e9s\u2026 Les nouveaux ensembles immobiliers sont implant\u00e9s, outre le site de Hassa\u00efnia, \u00e0 Bouinan-ville, Amroussa et Mellaha.<\/span><\/p>\n<p class=\"p6\"><span class=\"s2\">Le p\u00e9rim\u00e8tre global de la Ville nouvelle, selon le minist\u00e8re de l\u2019Habitat, s\u2019\u00e9tale sur 2175 hectares. Les projections de cet ambitieux programme pr\u00e9voient une population de 150 000 habitants pour 32 000 logements toutes formules confondues (AADL et LPP notamment). L\u2019ancienne ville de Bouinan, elle, compte environ 40 000 \u00e2mes.<\/span><\/p>\n<p class=\"p7\"><strong><span class=\"s2\">Peu d\u2019animation autour des permanences \u00e9lectorales<\/span><\/strong><\/p>\n<p class=\"p6\"><span class=\"s2\">Nous sommes ici pour prendre le pouls de l\u2019\u00e9lectorat local et t\u00e2ter l\u2019ambiance g\u00e9n\u00e9rale \u00e0 quelques jours des l\u00e9gislatives. Sur l\u2019art\u00e8re principale qui colle \u00e0 la RN29, une multitude de commerces en tous genres occupe le grand boulevard.<\/span><\/p>\n<p class=\"p6\"><span class=\"s2\">S\u2019y juxtaposent, p\u00eale-m\u00eale, vendeurs de mat\u00e9riaux de construction, verriers, ferronniers, vendeurs de c\u00e9ramique, mais aussi des caf\u00e9s, des restaurants, des boutiques de pr\u00eat-\u00e0-porter, de t\u00e9l\u00e9phonie mobile\u2026 \u00e0 quoi s\u2019ajoutent une kyrielle de sup\u00e9rettes\u00a0: sup\u00e9rette El Hadj, sup\u00e9rette Tasnim, sup\u00e9rette El Qods, sup\u00e9rette Riahi, Safsafi, Errahma, Mini Market\u2026 On remarquera \u00e9galement un nombre important, notamment \u00e0 l\u2019entr\u00e9e et \u00e0 la sortie de la ville, de marchands ambulants de fruits et l\u00e9gumes.<\/span><\/p>\n<p class=\"p6\"><span class=\"s2\">Certains jugent utile de pr\u00e9ciser \u00abSala\u00e2 TikTok\u00bb (Marchandise TikTok) comme si c\u2019\u00e9tait un gage de qualit\u00e9. Autre commerce florissant dans la r\u00e9gion : les p\u00e9pini\u00e8res.<\/span><\/p>\n<p class=\"p6\"><span class=\"s2\">Tout au long de la route, au-del\u00e0 du grand carrefour s\u00e9parant la route de Bouinan de celle qui monte vers Taba\u00efnet et Sidi Serhane, on voit se succ\u00e9der une ribambelle de p\u00e9pini\u00e8res alternant joyeusement avec de magnifiques vergers. Le contraste est assez frappant entre cette d\u00e9bauche de verdure, ces cultures luxuriantes, toutes ces exploitations agricoles qui maintiennent la Mitidja en vie et lui conservent son cachet, et l\u2019impressionnant champ d\u2019immeubles qui s\u2019\u00e9tend \u00e0 perte de vue autour et sur les hauteurs de la vieille ville.<\/span><\/p>\n<p class=\"p6\"><span class=\"s2\">Il faut dire qu\u2019\u00e0 l\u2019instar de tous les patelins de la Mitidja, l\u2019ancien Bouinan garde encore son cachet colonial, avec son urbanisme en damier, l\u2019incontournable petite place entourant la mairie, les palmiers qui bordent certaines rues, ou encore l\u2019ancienne \u00e9glise qui abrite d\u00e9sormais l\u2019association Kafel El Yatim.<\/span><\/p>\n<p class=\"p6\"><span class=\"s2\">Des affiches \u00e9lectorales sont placard\u00e9es un peu partout, de fa\u00e7on parfois anarchique. Au gr\u00e9 des affinit\u00e9s, elles d\u00e9bordent gaiement sur les devantures des magasins.<\/span><\/p>\n<p class=\"p6\"><span class=\"s2\">Des locaux commerciaux transform\u00e9s en permanences \u00e9lectorales dominent le paysage. Ils sont tr\u00e8s visibles le long de la grande art\u00e8re mais aussi dans les petites rues. Sur les affiches des candidats, et qui se pr\u00e9sentent bien entendu pour la wilaya de Blida, impossible de retenir toutes les listes et tous les sigles.<\/span><\/p>\n<p class=\"p6\"><span class=\"s2\">Pour les partis : FLN (07), RND (05), MSP (04), Front El Moustaqbal (06), TAJ (21), Le m\u00e9diateur politique (24), Front de la Bonne gouvernance (22), Sawt Echa\u00e2b (15), El Fadjr El Djadid (27), El Islah (10)\u2026 C\u00f4t\u00e9 ind\u00e9pendants\u00a0: \u00abIradate Echa\u00e2b\u00bb (42), Afaq (11), El Mecha\u00e2l (32), Ahrar Mitidja (41), El Badil (29)\u2026<\/span><\/p>\n<p class=\"p6\"><span class=\"s2\">D\u2019embl\u00e9e, on remarque que la majorit\u00e9 des affiches coll\u00e9es sur les panneaux officiels sont d\u00e9chir\u00e9es.<\/span><\/p>\n<p class=\"p6\"><span class=\"s2\">En faisant le tour de quelques permanences \u00e9lectorales, nous constatons de prime abord que celles-ci sont peu anim\u00e9es. Hormis les visages imprim\u00e9s qui tapissent les murs de la ville, rien ne laisse vraiment penser qu\u2019on est en pleine campagne pour les l\u00e9gislatives. Nous nous arr\u00eatons devant un local \u00e0 l\u2019enseigne du Front El Moustakbal de Abdelaziz B\u00e9la\u00efd.<\/span><\/p>\n<p class=\"p6\"><span class=\"s2\">M\u00eame si la notion de t\u00eate de liste a disparu, un poster sort du lot : celui d\u2019un candidat un peu emp\u00e2t\u00e9, Nemdil Mohamed dit Dadi, 34 ans, cadre commercial. Un enfant de Souma\u00e2. A l\u2019int\u00e9rieur du local sobrement d\u00e9cor\u00e9, on ne trouve que des affiches. Il n\u2019y a ni programme, ni flyers \u00e0 distribuer.<\/span><\/p>\n<p class=\"p6\"><span class=\"s2\">Mieux encore : Rachid, le monsieur qui g\u00e8re le local, nous confie\u00a0: <em>\u00abEn v\u00e9rit\u00e9, moi je ne suis pas militant d\u2019El Moustakbal. Je donne juste un coup de main. Je le fais surtout pour cet homme que je connais bien, et qui est quelqu\u2019un d\u2019honn\u00eate et de comp\u00e9tent\u00bb<\/em>, dit-il en d\u00e9signant le poster \u00e0 l\u2019effigie de M. Nemdil. <em>\u00abMoi, \u00e0 la base, ma filiation politique est plut\u00f4t FLN\u00bb<\/em>, confie Rachid. <em>\u00abMon p\u00e8re est un ancien moudjahid, on a toujours vot\u00e9 FLN \u00e0 la maison.\u00bb<\/em><\/span><\/p>\n<p class=\"p6\"><span class=\"s2\">Du d\u00e9roulement de la campagne, notre h\u00f4te r\u00e9sume : <em>\u00abIl y a peu d\u2019engouement, sinc\u00e8rement. Les \u00e9lections l\u00e9gislatives passionnent moins les foules que les municipales. Les d\u00e9put\u00e9s sont moins proches des gens. D\u00e8s que le vote passe, s\u2019il est \u00e9lu \u00e0 l\u2019Assembl\u00e9e, tu ne le vois plus, alors qu\u2019un maire, tu es en contact avec lui tous les jours.\u00bb<\/em><\/span><\/p>\n<p class=\"p7\"><strong><span class=\"s2\">\u00abLa plupart n\u2019ont pas l\u2019\u00e9toffe\u00bb<\/span><\/strong><\/p>\n<p class=\"p6\"><span class=\"s2\">En quittant le local du Front El Moustaqbal, nous nous engageons sur une rue de la rive oppos\u00e9e. Nous nous arr\u00eatons pr\u00e8s de quelques affiches d\u00e9ploy\u00e9es sur la devanture d\u2019une \u00e9picerie. Celle-ci est situ\u00e9e \u00e0 proximit\u00e9 de la mosqu\u00e9e Mohamed Tachouche. Les listes en question portent toutes le num\u00e9ro 5, celui du RND, et sont assorties de ce mot d\u2019ordre : \u00abIntakhibou El RND el djadid\u00bb (Votez pour le RND nouveau). Nous demandons au g\u00e9rant de l\u2019\u00e9picerie, Ammi Belkacem, 67 ans, s\u2019il avait l\u2019intention de voter.<\/span><\/p>\n<p class=\"p6\"><span class=\"s2\"><em>\u00abBien s\u00fbr que je vais voter\u00bb<\/em>, r\u00e9torque-t-il avec conviction. <em>\u00abMoi j\u2019ai toujours vot\u00e9. C\u2019est la seule voie du changement\u00bb<\/em>, insiste-t-il. Ammi Belkacem ne cache pas sa sympathie pour le RND, <em>\u00abmais je ne suis pas un militant encart\u00e9\u00bb<\/em>, pr\u00e9cise-t-il.<\/span><\/p>\n<p class=\"p6\"><span class=\"s2\">Dans la liste comportant 14 noms, son favori est le d\u00e9put\u00e9 sortant Sid Ali Zermane qui a remplac\u00e9 le d\u00e9funt Abdelkader Ta\u00efeb Ezzra\u00efmi. <em>\u00abOn a besoin de gens d\u2019exp\u00e9rience et M. Zermane est rompu aux arcanes du Parlement\u00bb,<\/em> argue Ammi Belkacem. <em>\u00abFranchement, quand vous voyez les listes, les candidats, dans leur majorit\u00e9, n\u2019ont pas l\u2019\u00e9toffe pour \u00eatre d\u00e9put\u00e9s. C\u2019est pour \u00e7a que la campagne n\u2019emballe pas les gens. N\u2019importe qui vient se pr\u00e9senter, ce n\u2019est pas s\u00e9rieux\u00bb<\/em>, peste l\u2019\u00e9picier.<\/span><\/p>\n<p class=\"p6\"><span class=\"s2\">Au si\u00e8ge de la kasma FLN, situ\u00e9e dans un angle de la placette centrale, l\u2019ambiance est un peu plus anim\u00e9e. Un immense poster \u00e0 l\u2019effigie d\u2019El Fertas Yacoub, un des jeunes candidats du parti, tr\u00f4ne en arborant ce slogan : \u00abNatadjaddad wa la natabadadd\u00bb (On se renouvelle mais on ne dispara\u00eet pas). Merzak Chetouane, chef de la kasma et coordinateur local de la campagne pour le FLN, nous re\u00e7oit aimablement. Derri\u00e8re son bureau se dresse un imposant portrait de Boumedi\u00e8ne.<\/span><\/p>\n<p class=\"p6\"><span class=\"s2\"><em>\u00abLa campagne se d\u00e9roule dans de bonnes conditions. Vous savez, la population montre beaucoup d\u2019attachement au FLN\u00bb<\/em>, se f\u00e9licite M. Chetouane. Depuis l\u2019irruption du hirak, le FLN, disait-on, a perdu du terrain.<\/span><\/p>\n<p class=\"p6\"><span class=\"s2\">Ce n\u2019est pas l\u2019avis de M. Chetouane : <em>\u00abBien au contraire, ici nous avons enregistr\u00e9 plus d\u2019adh\u00e9sions. Pour un militant de perdu, il y en a dix qui l\u2019ont remplac\u00e9\u00bb<\/em>, affirme-t-il. <em>\u00abIl y a eu plus de 300 nouvelles adh\u00e9sions au parti ces derniers mois, et la plupart sont des jeunes\u00bb<\/em>, rench\u00e9rit avec enthousiasme Ala\u00e2-Eddine, un jeune militant.<\/span><\/p>\n<p class=\"p7\"><strong><span class=\"s2\">\u00abBouinan a besoin d\u2019un vrai h\u00f4pital\u00bb<\/span><\/strong><\/p>\n<p class=\"p6\"><span class=\"s2\">Il nous expliquera dans la foul\u00e9e que l\u2019une des raisons de cette popularit\u00e9 tient au fait que le FLN a mis une partie de son si\u00e8ge au service des \u00e9l\u00e8ves pour pr\u00e9parer le bac et les autres \u00e9preuves aussi, mobilisant m\u00eame des profs pour leur donner des cours de soutien. <em>\u00abMoi-m\u00eame, j\u2019ai profit\u00e9 de ces cours de soutien et c\u2019est ce qui m\u2019a amen\u00e9 \u00e0 adh\u00e9rer au FLN\u00bb<\/em>, t\u00e9moigne Ala\u00e2-Eddine.<\/span><\/p>\n<p class=\"p6\"><span class=\"s2\">Aujourd\u2019hui, ce jeune homme de 34-35 ans, exerce comme infirmier \u00e0 l\u2019EPSP, l\u2019Etablissement de sant\u00e9 de proximit\u00e9, de Bouinan. Il d\u00e9plore d\u2019ailleurs le manque d\u2019\u00e9quipements sanitaires pour une ville en pleine expansion, et qui, depuis 2018, a rang de wilaya d\u00e9l\u00e9gu\u00e9e.<\/span><\/p>\n<p class=\"p6\"><span class=\"s2\"><em>\u00abAvec la Ville nouvelle, la population a augment\u00e9 de fa\u00e7on exponentielle, et un EPSP ne suffit plus. Nos moyens sont d\u00e9risoires. Nous sommes en train de faire de la m\u00e9decine de guerre. Bouinan a aujourd\u2019hui besoin d\u2019un vrai h\u00f4pital\u00a0: un EPH ou un CHU\u00bb<\/em>, plaide le jeune militant.<\/span><\/p>\n<p class=\"p6\"><span class=\"s2\">Merzak Chetouane s\u2019inqui\u00e8te, de son c\u00f4t\u00e9, des retomb\u00e9es du nouveau plan d\u2019am\u00e9nagement de la Ville nouvelle, \u00e9tant persuad\u00e9, \u00e0 l\u2019image de beaucoup d\u2019habitants de Bouinan, que ce gigantesque programme s\u2019est fait au d\u00e9triment de l\u2019agriculture qui est la vocation premi\u00e8re de la r\u00e9gion. <em>\u00abAvant, Bouinan \u00e9tait la commune des oranges, aujourd\u2019hui, c\u2019est la commune des cit\u00e9s\u00bb<\/em>, ass\u00e8ne-t-il.<\/span><\/p>\n<p class=\"p6\"><span class=\"s2\">Nous cassons la cro\u00fbte dans une pizzeria sise en face d\u2019une permanence \u00e9lectorale du RND. A un moment, une discussion s\u2019engage entre le serveur et le pizza\u00efolo.<\/span><\/p>\n<p class=\"p6\"><span class=\"s2\">Le jeune serveur l\u00e2che : <em>\u00abMoi, je n\u2019ai m\u00eame pas de carte de vote de toute fa\u00e7on. Et m\u00eame si je l\u2019avais, je ne pense pas que j\u2019aurais vot\u00e9. A part la r\u00e9sidence, \u00e0 quoi \u00e7a sert ? M\u00eame le service militaire, je ne pense pas que je serai enr\u00f4l\u00e9. J\u2019ai 30 ans, je vais s\u00fbrement avoir la carte jaune. En tout cas, ces \u00e9lections ne me disent rien qui vaille. La vie dans ce pays, c\u2019est de plus en plus une gal\u00e8re.<\/em><\/span><\/p>\n<p class=\"p6\"><span class=\"s2\"><em>Un travailleur dans une soci\u00e9t\u00e9 qui se retrouve avec un salaire de 18 000 DA, c\u2019est une vie \u00e7a ? Le vote, \u00e7a ne va rien changer.\u00bb<\/em> M\u00eame sentiment partag\u00e9 par Mohamed. Ce citoyen de 39 ans, employ\u00e9 dans une entreprise priv\u00e9e de fabrication de lumi-naires, occupe un logement AADL dans l\u2019une des cit\u00e9s de la Ville nouvelle.<\/span><\/p>\n<p class=\"p6\"><span class=\"s2\">Originaire de Ouled Ya\u00efche, dans la wilaya de Blida, Mohamed est install\u00e9 \u00e0 Bouinan depuis un an et demi. <em>\u00abJe n\u2019ai pas encore proc\u00e9d\u00e9 au changement d\u2019adresse, ce qui fait que pour voter, je dois me rendre \u00e0 Ouled Ya\u00efche. Mais je ne compte pas le faire. J\u2019ai d\u00e9j\u00e0 vot\u00e9 auparavant mais cette fois-ci, j\u2019ai d\u00e9cid\u00e9 de ne pas aller voter\u00bb<\/em>, tranche Mohamed. <em>\u00abIls vous abreuvent de promesses, apr\u00e8s, ils disparaissent dans la nature\u00bb<\/em>, dit-il pour expliquer son choix.<\/span><\/p>\n<p class=\"p7\"><strong><span class=\"s2\">\u00abPourvu que les ann\u00e9es noires ne reviendront jamais\u00bb<\/span><\/strong><\/p>\n<p class=\"p6\"><span class=\"s2\">Retour \u00e0 l\u2019ancienne ville. Devant un magasin de meubles, nous sommes interpell\u00e9s par plusieurs affiches d\u2019un bleu vif saturant la vitrine. Des affiches mettant \u00e0 l\u2019honneur une candidate : Aksas Doua Fahima, 48 ans, cadre dans une structure de formation professionnelle. M<sup>me<\/sup> Aksas se pr\u00e9sente au nom de la liste ind\u00e9pendante El Badil (L\u2019alternative).<\/span><\/p>\n<p class=\"p6\"><span class=\"s2\">A l\u2019int\u00e9rieur du magasin, une gentille vendeuse, la quarantaine, accoud\u00e9e sur une pile de posters, nous confie : <em>\u00abHonn\u00eatement, je n\u2019ai jamais vot\u00e9. Mais cette fois, je compte le faire. Je le fais pour cette dame que je connais parfaitement. Je t\u00e9moigne de sa comp\u00e9tence et de sa droiture.\u00bb<\/em><\/span><\/p>\n<p class=\"p6\"><span class=\"s2\">Cela dit, la vendeuse estime que <em>\u00ables gens, \u00e0 Bouinan, n\u2019ont pas vraiment le c\u0153ur \u00e0 voter. Ils ont d\u2019autres soucis. La mis\u00e8re a atteint des sommets. De plus en plus de familles plongent dans la pr\u00e9carit\u00e9. Le ch\u00f4mage bat son plein. D\u2019ailleurs, nos ventes ont chut\u00e9. Nous-m\u00eames, nous risquons de nous retrouver sur la paille.\u00bb<\/em> <em>\u00abLes temps sont vraiment durs,<\/em> poursuit notre interlocutrice. <em>M\u00eame l\u2019agriculture qui \u00e9tait le gagne-pain de beaucoup de gens a \u00e9t\u00e9 sacrifi\u00e9e avec tous ces b\u00e2timents qu\u2019ils ont construits.<\/em><\/span><\/p>\n<p class=\"p6\"><span class=\"s2\"><em>Les meilleures terres ont \u00e9t\u00e9 b\u00e9tonn\u00e9es. La seule fili\u00e8re qui se maintient encore, c\u2019est les p\u00e9pini\u00e8res. Il y en a beaucoup par ici. Le reste a p\u00e9riclit\u00e9\u00bb<\/em>. Et la vendeuse de meubles de formuler ce v\u0153u ardent : <em>\u00abOn esp\u00e8re simplement que Dieu apporte le meilleur \u00e0 notre pays et qu\u2019il nous pr\u00e9serve des horreurs du pass\u00e9. Cette r\u00e9gion a \u00e9norm\u00e9ment souffert durant la d\u00e9cennie noire, et quand on regarde en arri\u00e8re, on se dit\u00a0: \u2018\u2018Pourvu qu\u2019on ait la paix et que les atrocit\u00e9s que nous avons connues ne reviendront jamais.\u2019\u2019\u00bb<\/em><\/span><\/p>\n<p><span class=\"post-views-label\">Post Views:<\/span> <span class=\"post-views-count\">537<\/span><\/p>\n<p><br class=\"c2\"\/><\/p>\n<div class=\"ichhar-moneytagnative c4\" id=\"ichhar-404042950\">\n<p>Advertisements<\/p>\n<\/div>\n<p><br class=\"c2\"\/><br \/>\n<br class=\"c5\"\/><\/p>\n<p>Auteur: Anis Khecheba<br \/>\n<a href=\"https:\/\/www.elwatan.com\/edition\/actualite\/une-molle-journee-de-campagne-a-bouinan-10-06-2021\">Cliquez ici pour lire l&rsquo;article depuis sa source.<\/a><\/p>\n","protected":false},"excerpt":{"rendered":"<p>\u00c0 quelques encablures du scrutin Photo : H. Ly\u00e8s Reportage dans la ville de Bouinan, au c\u0153ur de la Mitidja, pour prendre le pouls de l\u2019\u00e9lectorat local et t\u00e2ter l\u2019ambiance g\u00e9n\u00e9rale \u00e0 quelques jours des l\u00e9gislatives\u2026 Dimanche 6 juin 2021. Nous sommes \u00e0 Bouinan, petite ville plant\u00e9e au c\u0153ur de la Mitidja, dans la wilaya [&hellip;]<\/p>\n","protected":false},"author":1743,"featured_media":0,"comment_status":"closed","ping_status":"closed","sticky":false,"template":"","format":"standard","meta":{"fifu_image_url":"https:\/\/www.elwatan.com\/wp-content\/uploads\/2021\/06\/bouinan.lyes_.gif","fifu_image_alt":"Une molle journ\u00e9e de campagne \u00e0 Bouinan","footnotes":""},"categories":[73,53],"tags":[],"class_list":["post-118348","post","type-post","status-publish","format-standard","hentry","category-actualite","category-algerie"],"_links":{"self":[{"href":"https:\/\/linitiative.ca\/International\/wp-json\/wp\/v2\/posts\/118348","targetHints":{"allow":["GET"]}}],"collection":[{"href":"https:\/\/linitiative.ca\/International\/wp-json\/wp\/v2\/posts"}],"about":[{"href":"https:\/\/linitiative.ca\/International\/wp-json\/wp\/v2\/types\/post"}],"author":[{"embeddable":true,"href":"https:\/\/linitiative.ca\/International\/wp-json\/wp\/v2\/users\/1743"}],"replies":[{"embeddable":true,"href":"https:\/\/linitiative.ca\/International\/wp-json\/wp\/v2\/comments?post=118348"}],"version-history":[{"count":0,"href":"https:\/\/linitiative.ca\/International\/wp-json\/wp\/v2\/posts\/118348\/revisions"}],"wp:attachment":[{"href":"https:\/\/linitiative.ca\/International\/wp-json\/wp\/v2\/media?parent=118348"}],"wp:term":[{"taxonomy":"category","embeddable":true,"href":"https:\/\/linitiative.ca\/International\/wp-json\/wp\/v2\/categories?post=118348"},{"taxonomy":"post_tag","embeddable":true,"href":"https:\/\/linitiative.ca\/International\/wp-json\/wp\/v2\/tags?post=118348"}],"curies":[{"name":"wp","href":"https:\/\/api.w.org\/{rel}","templated":true}]}}