{"id":118349,"date":"2021-06-10T05:51:50","date_gmt":"2021-06-10T09:51:50","guid":{"rendered":"https:\/\/linitiative.ca\/International\/future-assemblee-quelle-majorite-a-lissue-dune-election-dominee-par-les-independants\/"},"modified":"2021-06-10T05:51:50","modified_gmt":"2021-06-10T09:51:50","slug":"future-assemblee-quelle-majorite-a-lissue-dune-election-dominee-par-les-independants","status":"publish","type":"post","link":"https:\/\/linitiative.ca\/International\/future-assemblee-quelle-majorite-a-lissue-dune-election-dominee-par-les-independants\/","title":{"rendered":"Future assembl\u00e9e :\u00a0Quelle majorit\u00e9 \u00e0 l\u2019issue d\u2019une \u00e9lection \u00abdomin\u00e9e\u00bb par les ind\u00e9pendants\u00a0?"},"content":{"rendered":"<h4 class=\"title-14\"\/>\n<div class=\"featured_image\"><img loading=\"lazy\" decoding=\"async\" width=\"1200\" height=\"797\" src=\"https:\/\/www.elwatan.com\/wp-content\/uploads\/2021\/06\/Assemble\u0301e.gif\" class=\"attachment-post-thumbnail size-post-thumbnail wp-post-image\" alt=\"\"\/> <span class=\"featured-image-caption\">Photo : D. R. \/ Quelle sera la configuration de la future Assembl\u00e9e nationale populaire\u00a0?<\/span><\/div>\n<p class=\"p4\"><span class=\"s3\"><strong>L\u2019\u00e9lection du 12 juin est aussi la premi\u00e8re qui sera organis\u00e9e sous le r\u00e9gime d\u2019une nouvelle loi \u00e9lectorale qui a apport\u00e9, entre autres, un changement dans le syst\u00e8me de vote, mettant fin, par exemple, \u00e0 la notion de \u00abt\u00eate de liste\u00bb ou qui \u00abfavorise\u00bb les listes \u00abind\u00e9pendantes\u00bb, notamment celles compos\u00e9es de candidats de moins de 40 ans.<\/strong><\/span><\/p>\n<p class=\"p4\"><span class=\"s3\"><strong>C<\/strong><\/span><span class=\"s3\">e samedi les Alg\u00e9riens se rendront aux urnes pour \u00e9lire la nouvelle Assembl\u00e9e populaire nationale (APN). Le scrutin, boycott\u00e9 par une bonne partie, pour ne pas dire la totalit\u00e9, de la classe politique de l\u2019opposition, risque de d\u00e9boucher sur une nouvelle configuration de la sc\u00e8ne politique \u00abinstitutionnelle\u00bb, ceci, au-del\u00e0 des enjeux li\u00e9s au taux de participation, donc \u00e0 sa l\u00e9gitimit\u00e9.<\/span><\/p>\n<p class=\"p7\"><span class=\"s3\">L\u2019\u00e9lection du 12 juin est aussi la premi\u00e8re qui sera organis\u00e9e sous le r\u00e9gime d\u2019une nouvelle loi \u00e9lectorale qui a apport\u00e9, entre autres, un changement dans le syst\u00e8me de vote, mettant fin, par exemple, \u00e0 la notion de \u00abt\u00eate de liste\u00bb ou qui \u00abfavorise\u00bb les listes \u00abind\u00e9pendantes\u00bb, notamment celles compos\u00e9es de candidats de moins de 40 ans.<\/span><\/p>\n<p class=\"p7\"><span class=\"s3\">Au-del\u00e0 donc de la possibilit\u00e9 que ces l\u00e9gislatives enregistrent un taux de participation \u00abfaible\u00bb, si l\u2019on prend en consid\u00e9ration le fait que les conditions ayant conduit au taux de 23,7% au r\u00e9f\u00e9rendum sur la Constitution du 1<sup>er<\/sup> novembre 2020 sont toujours-l\u00e0, la tendance \u00abpolitique\u00bb qui se d\u00e9gagera de cette \u00e9lection suscite des interrogations.<\/span><\/p>\n<p class=\"p7\"><span class=\"s3\">Il est sans contexte qu\u2019une majorit\u00e9 FLN-RND est peu probable. Tout porte \u00e0 croire que la reconduction d\u2019une telle configuration n\u2019est gu\u00e8re possible. Ces deux partis politiques \u00e9tant fortement d\u00e9cri\u00e9s, il est peu \u00e9vident qu\u2019ils puissent r\u00e9\u00e9diter leurs scores pr\u00e9c\u00e9dents.<\/span><\/p>\n<p class=\"p7\"><span class=\"s3\">De plus, leurs r\u00e9apparitions au-devant de la sc\u00e8ne n\u2019arrangeraient nullement les affaires du pouvoir, qui promet une \u00abAlg\u00e9rie nouvelle\u00bb, donc sans cette \u00aballiance pr\u00e9sidentielle\u00bb qui \u00e9tait de mise du temps de l\u2019ancien pr\u00e9sident de la R\u00e9publique, Abdelaziz Bouteflika. D\u2019ailleurs, durant la campagne \u00e9lectorale qui s\u2019est termin\u00e9e mardi \u00e0 minuit, les deux formations n\u2019ont pas \u00e9t\u00e9 mises en avant sur les cha\u00eenes de t\u00e9l\u00e9vision, aussi bien publiques que priv\u00e9es.<\/span><\/p>\n<p class=\"p7\"><span class=\"s3\">Ceci sans compter le fait, par exemple, que le dossier de candidature du chef de l\u2019ancien parti unique, Abou El Fadhl Baadji, ait \u00e9t\u00e9 rejet\u00e9 par l\u2019Autorit\u00e9 nationale ind\u00e9pendante des \u00e9lections (ANIE). Le FLN et le RND auront certainement des si\u00e8ges, mais il est peu probable qu\u2019ils soient majoritaires dans la future Assembl\u00e9e.<\/span><\/p>\n<p class=\"p7\"><span class=\"s3\">Il reste, bien entendu, quelques autres \u00abpetites\u00bb formations du courant nationaliste, un parti qui se d\u00e9fini comme un repr\u00e9sentant du courant d\u00e9mocratique \u00e0 ce scrutin, Jil Jadid, mais surtout les islamistes, qui ont tous d\u00e9cid\u00e9 de prendre part \u00e0 ce rendez-vous \u00e9lectoral, et les ind\u00e9pendants. Ce sont ces deux derniers blocs qui sont attendus \u00e0 l\u2019issue de cette \u00e9lection.<\/span><\/p>\n<p class=\"p8\"><strong><span class=\"s3\">Victoire des \u00abind\u00e9pendants\u00bb\u00a0?<\/span><\/strong><\/p>\n<p class=\"p7\"><span class=\"s3\">Y a-t-il donc une possibilit\u00e9 que se d\u00e9gage une majorit\u00e9 islamiste ce 12 juin\u00a0? L\u00e0 encore, les lectures diff\u00e8rent. Si certains observateurs croient \u00e0 ce sc\u00e9nario au vu de plusieurs param\u00e8tres, tels que l\u2019absence des d\u00e9mocrates et le fait que les partis dits \u00abnationalistes\u00bb sont tomb\u00e9s en disgr\u00e2ce aupr\u00e8s de la population, d\u2019autres sont plut\u00f4t plus mesur\u00e9s en revenant toujours aux chiffres r\u00e9alis\u00e9s par ces formations politiques lors des pr\u00e9c\u00e9dentes \u00e9lections, d\u2019autant que certains d\u2019entre eux ont d\u00e9j\u00e0 eu \u00e0 \u00abcomposer\u00bb avec le pouvoir bouteflikien, comme c\u2019est le cas du Mouvement de la soci\u00e9t\u00e9 pour la paix (MSP).<\/span><\/p>\n<p class=\"p7\"><span class=\"s3\">D\u2019ailleurs, Lors du r\u00e9f\u00e9rendum sur la Constitution, les partis islamistes, qui avaient, rappelons-le, tous appel\u00e9 \u00e0 voter \u00abnon\u00bb, avaient r\u00e9colt\u00e9 1\u00a0668\u00a0148 voix, sur un total de 5\u00a0661\u00a0547 de voix exprim\u00e9es. Pourront-ils r\u00e9aliser plus \u00e0 l\u2019occasion de ces l\u00e9gislatives\u00a0?<\/span><\/p>\n<p class=\"p7\"><span class=\"s3\">La question est pos\u00e9e. Il reste, en dernier lieu, les ind\u00e9pendants. Pour la premi\u00e8re fois dans l\u2019histoire du pays, les listes d\u2019ind\u00e9pendants ont d\u00e9pass\u00e9 celles des partis politiques (837 sur un total de 1483). Il est clair, \u00e0 ce titre, que beaucoup de ces candidatures vont pouvoir si\u00e9ger \u00e0 la future APN.<\/span><\/p>\n<p class=\"p7\"><span class=\"s3\">Mais \u00e0 quelle proportion\u00a0? Personne ne peut y r\u00e9pondre. En tout cas, le sc\u00e9nario le plus probable, face \u00e0 cette configuration post\u00e9lectorale, est que l\u2019Assembl\u00e9e qui se d\u00e9gagera apr\u00e8s le 12 juin soit h\u00e9t\u00e9roclite, avec la pr\u00e9sence de tous les blocs cit\u00e9s, sans une pr\u00e9dominance de l\u2019un sur l\u2019autre.<\/span><\/p>\n<p class=\"p7\"><span class=\"s3\">A signaler, par ailleurs, que dans la nouvelle Constitution, il est pr\u00e9vu un Premier ministre, dans le cas d\u2019une majorit\u00e9 pr\u00e9sidentielle, ce qui ne sera pas le cas, et un chef de gouvernement dans le cas d\u2019une majorit\u00e9 parlementaire. Le chef de gouvernement est issu de cette derni\u00e8re.<\/span><\/p>\n<p><span class=\"post-views-label\">Post Views:<\/span> <span class=\"post-views-count\">1\u00a0118<\/span><\/p>\n<p><br class=\"c2\"\/><\/p>\n<div class=\"ichhar-moneytagnative c4\" id=\"ichhar-56818500\">\n<p>Advertisements<\/p>\n<\/div>\n<p><br class=\"c2\"\/><br \/>\n<br class=\"c5\"\/><\/p>\n<p>Auteur: Anis Khecheba<br \/>\n<a href=\"https:\/\/www.elwatan.com\/edition\/actualite\/future-assemblee-quelle-majorite-a-lissue-dune-election-dominee-par-les-independants-10-06-2021\">Cliquez ici pour lire l&rsquo;article depuis sa source.<\/a><\/p>\n","protected":false},"excerpt":{"rendered":"<p>Photo : D. R. \/ Quelle sera la configuration de la future Assembl\u00e9e nationale populaire\u00a0? L\u2019\u00e9lection du 12 juin est aussi la premi\u00e8re qui sera organis\u00e9e sous le r\u00e9gime d\u2019une nouvelle loi \u00e9lectorale qui a apport\u00e9, entre autres, un changement dans le syst\u00e8me de vote, mettant fin, par exemple, \u00e0 la notion de \u00abt\u00eate de [&hellip;]<\/p>\n","protected":false},"author":1743,"featured_media":0,"comment_status":"closed","ping_status":"closed","sticky":false,"template":"","format":"standard","meta":{"fifu_image_url":"https:\/\/www.elwatan.com\/wp-content\/uploads\/2021\/06\/Assemble\u0301e.gif","fifu_image_alt":"Future assembl\u00e9e :\u00a0Quelle majorit\u00e9 \u00e0 l\u2019issue d\u2019une \u00e9lection \u00abdomin\u00e9e\u00bb par les ind\u00e9pendants\u00a0?","footnotes":""},"categories":[73,53],"tags":[],"class_list":["post-118349","post","type-post","status-publish","format-standard","hentry","category-actualite","category-algerie"],"_links":{"self":[{"href":"https:\/\/linitiative.ca\/International\/wp-json\/wp\/v2\/posts\/118349","targetHints":{"allow":["GET"]}}],"collection":[{"href":"https:\/\/linitiative.ca\/International\/wp-json\/wp\/v2\/posts"}],"about":[{"href":"https:\/\/linitiative.ca\/International\/wp-json\/wp\/v2\/types\/post"}],"author":[{"embeddable":true,"href":"https:\/\/linitiative.ca\/International\/wp-json\/wp\/v2\/users\/1743"}],"replies":[{"embeddable":true,"href":"https:\/\/linitiative.ca\/International\/wp-json\/wp\/v2\/comments?post=118349"}],"version-history":[{"count":0,"href":"https:\/\/linitiative.ca\/International\/wp-json\/wp\/v2\/posts\/118349\/revisions"}],"wp:attachment":[{"href":"https:\/\/linitiative.ca\/International\/wp-json\/wp\/v2\/media?parent=118349"}],"wp:term":[{"taxonomy":"category","embeddable":true,"href":"https:\/\/linitiative.ca\/International\/wp-json\/wp\/v2\/categories?post=118349"},{"taxonomy":"post_tag","embeddable":true,"href":"https:\/\/linitiative.ca\/International\/wp-json\/wp\/v2\/tags?post=118349"}],"curies":[{"name":"wp","href":"https:\/\/api.w.org\/{rel}","templated":true}]}}