{"id":118355,"date":"2021-06-10T10:11:00","date_gmt":"2021-06-10T14:11:00","guid":{"rendered":"https:\/\/linitiative.ca\/International\/issam-yahyaoui-premier-magistrat-tunisien-a-decrocher-un-master-en-administration-publique-du-harvard-kennedy-school-of-government-hks\/"},"modified":"2021-06-10T10:11:00","modified_gmt":"2021-06-10T14:11:00","slug":"issam-yahyaoui-premier-magistrat-tunisien-a-decrocher-un-master-en-administration-publique-du-harvard-kennedy-school-of-government-hks","status":"publish","type":"post","link":"https:\/\/linitiative.ca\/International\/issam-yahyaoui-premier-magistrat-tunisien-a-decrocher-un-master-en-administration-publique-du-harvard-kennedy-school-of-government-hks\/","title":{"rendered":"Issam Yahyaoui premier magistrat tunisien \u00e0 d\u00e9crocher un Master en Administration Publique du Harvard Kennedy School of Government (HKS)"},"content":{"rendered":"<p>Issam Yahyaoui, vice-pr\u00e9sident du tribunal de premi\u00e8re instance de Tunis, vient de d\u00e9crocher un Master en Administration Publique du Harvard Kennedy School of Government (HKS). Il est le premier magistrat tunisien \u00e0 obtenir ce dipl\u00f4me de la prestigieuse universit\u00e9 de Harvard r\u00e9put\u00e9e pour \u00eatre une v\u00e9ritable fabrique de l\u2019\u00e9lite mondiale. Il a pu poursuivre ses \u00e9tudes sup\u00e9rieures dans cette universit\u00e9 malgr\u00e9 un syst\u00e8me de s\u00e9lection des \u00e9tudiants hautement comp\u00e9titif. En effet, en 2020, seulement 4,6 % des candidats \u00e0 l\u2019admission \u00e0 l&rsquo;\u00e9chelle mondiale ont \u00e9t\u00e9 retenus.<\/p>\n<p>Issam Yahyaoui, 43 ans originaire de Siliana, a b\u00e9n\u00e9fici\u00e9 d&rsquo;une formation de tr\u00e8s haute facture assur\u00e9e par de professeurs de renomm\u00e9e internationale, dont Ashton Carter secr\u00e9taire \u00e0 la D\u00e9fense au sein de l&rsquo;Administration Obama, ce qui lui a permis d\u2019affiner ses comp\u00e9tences analytiques et de d\u00e9velopper ses capacit\u00e9s \u00e0 planifier, conduire et \u00e9valuer des politiques publiques et g\u00e9rer une administration publique.<br \/>Apr\u00e8s une ann\u00e9e fructueuse d\u2019\u00e9tude \u00e0 HKS dont la devise est la c\u00e9l\u00e8bre formule du pr\u00e9sident Kennedy \u00ab Ask what you can do for your country \u00bb, Issam a un objectif : participer un tant soit peu au processus de modernisation du syst\u00e8me judiciaire en vue de le rendre plus efficace et mieux adapt\u00e9 aux \u00e9volutions du XXI\u00e8me si\u00e8cle.<\/p>\n<p>Avant son passage \u00e0 l\u2019universit\u00e9 de Harvard, Issam Yahyaoui avait particip\u00e9 en 2018 au programme Hubert H. Humphrey Fellowship parrain\u00e9 par le d\u00e9partement d\u2019\u00c9tat. Ce programme lui avait offert l&rsquo;opportunit\u00e9 de suivre des cours de politiques publiques et de d\u00e9veloppement personnel \u00e0 l\u2019universit\u00e9 de Minnesota. Il avait eu aussi l&rsquo;occasion d\u2019effectuer un stage aupr\u00e8s de Hennepin County District Court (Minneapolis, Minnesota) et au National Center for State Courts, ce qui lui avait permis d\u2019approfondir ses connaissances \u00e0 propos du syst\u00e8me judicaire am\u00e9ricain et de voir de pr\u00e8s la qualit\u00e9 du service judiciaire rendu aux justiciables \u00e0 la suite de sa num\u00e9risation enti\u00e8re.<\/p>\n<p>Issam Yahyaoui est actuellement pr\u00e9sident de la chambre commerciale au tribunal de premi\u00e8re instance de Tunis. Il a exerc\u00e9 au sein des chambres civiles et correctionnelles avant de se sp\u00e9cialiser dans le contentieux commercial.<\/p>\n<p>Il a pass\u00e9 cinq ans au Centre des \u00c9tudes Juridiques et Judiciaires, o\u00f9 il s\u2019occupait principalement du droit des affaires (soci\u00e9t\u00e9s, investissement, proc\u00e9dures collectives, commerce des services\u2026). Il a particip\u00e9 activement aux travaux de la commission charg\u00e9e de la r\u00e9daction du projet de loi relatif aux proc\u00e9dures collectives. Il est par ailleurs l&rsquo;auteur de plusieurs articles juridiques publi\u00e9s en arabe et en fran\u00e7ais.<br \/>\u00a0<\/p>\n<p>Auteur:<br \/>\n<a href=\"https:\/\/www.leaders.com.tn\/article\/32015-issam-yahyaoui-premier-magistrat-tunisien-a-decrocher-un-master-en-administration-publique-du-harvard-kennedy-school-of-government-hks\">Cliquez ici pour lire l&rsquo;article depuis sa source.<\/a><\/p>\n","protected":false},"excerpt":{"rendered":"<p>Issam Yahyaoui, vice-pr\u00e9sident du tribunal de premi\u00e8re instance de Tunis, vient de d\u00e9crocher un Master en Administration Publique du Harvard Kennedy School of Government (HKS). Il est le premier magistrat tunisien \u00e0 obtenir ce dipl\u00f4me de la prestigieuse universit\u00e9 de Harvard r\u00e9put\u00e9e pour \u00eatre une v\u00e9ritable fabrique de l\u2019\u00e9lite mondiale. Il a pu poursuivre ses [&hellip;]<\/p>\n","protected":false},"author":1772,"featured_media":0,"comment_status":"closed","ping_status":"closed","sticky":false,"template":"","format":"standard","meta":{"fifu_image_url":"","fifu_image_alt":"","footnotes":""},"categories":[73,55],"tags":[],"class_list":["post-118355","post","type-post","status-publish","format-standard","hentry","category-actualite","category-tunisie"],"_links":{"self":[{"href":"https:\/\/linitiative.ca\/International\/wp-json\/wp\/v2\/posts\/118355","targetHints":{"allow":["GET"]}}],"collection":[{"href":"https:\/\/linitiative.ca\/International\/wp-json\/wp\/v2\/posts"}],"about":[{"href":"https:\/\/linitiative.ca\/International\/wp-json\/wp\/v2\/types\/post"}],"author":[{"embeddable":true,"href":"https:\/\/linitiative.ca\/International\/wp-json\/wp\/v2\/users\/1772"}],"replies":[{"embeddable":true,"href":"https:\/\/linitiative.ca\/International\/wp-json\/wp\/v2\/comments?post=118355"}],"version-history":[{"count":0,"href":"https:\/\/linitiative.ca\/International\/wp-json\/wp\/v2\/posts\/118355\/revisions"}],"wp:attachment":[{"href":"https:\/\/linitiative.ca\/International\/wp-json\/wp\/v2\/media?parent=118355"}],"wp:term":[{"taxonomy":"category","embeddable":true,"href":"https:\/\/linitiative.ca\/International\/wp-json\/wp\/v2\/categories?post=118355"},{"taxonomy":"post_tag","embeddable":true,"href":"https:\/\/linitiative.ca\/International\/wp-json\/wp\/v2\/tags?post=118355"}],"curies":[{"name":"wp","href":"https:\/\/api.w.org\/{rel}","templated":true}]}}