{"id":118358,"date":"2021-06-10T06:00:00","date_gmt":"2021-06-10T10:00:00","guid":{"rendered":"https:\/\/linitiative.ca\/International\/bentalha-au-burkina-lalgerie-de-lapres-12-juin\/"},"modified":"2021-06-10T06:00:00","modified_gmt":"2021-06-10T10:00:00","slug":"bentalha-au-burkina-lalgerie-de-lapres-12-juin","status":"publish","type":"post","link":"https:\/\/linitiative.ca\/International\/bentalha-au-burkina-lalgerie-de-lapres-12-juin\/","title":{"rendered":"Bentalha au Burkina ? L\u2019Alg\u00e9rie de l\u2019apr\u00e8s 12 juin !"},"content":{"rendered":"<p class=\"c3\">Horrible. \u00c7a rappelle Bentalha. Plus de 160 personnes dont des femmes et des enfants ont \u00e9t\u00e9 tu\u00e9es dans la nuit de vendredi \u00e0 samedi derniers \u00e0 Solhan, un village du nord du Burkina Faso aux confins du Mali et du Niger, une zone o\u00f9 op\u00e8rent des groupes djihadistes. L\u2019attaque a d\u2019abord vis\u00e9 le poste des VDP (Volontaires pour la d\u00e9fense de la patrie), des civils arm\u00e9s par les autorit\u00e9s avant que les assaillants s\u2019en prennent \u00e0 leurs familles et \u00e0 ceux qui les aident. Un mode op\u00e9ratoire qui rappelle Bentalha et les crimes de masse commis dans les ann\u00e9es 97-98 en Alg\u00e9rie. La comparaison s\u2019arr\u00eate l\u00e0. Au Burkina, personne n\u2019a accus\u00e9 l\u2019arm\u00e9e d\u2019\u00eatre derri\u00e8re ces tueries. \u00abLes chefs de groupes arm\u00e9s devraient imm\u00e9diatement ordonner la cessation de telles attaques \u00e0 l\u2019encontre des civils, et les d\u00e9noncer\u00bb, a demand\u00e9 Human Right Watch, qui sait de quoi elle parle.\u00a0\u00a0<br \/>Cela \u00e9tant, ce crime de masse\u00a0 \u2013 il y en a eu \u00e9galement au Niger, au Mali, au Tchad, au Nig\u00e9ria \u2014 n\u2019a pas suscit\u00e9 la m\u00eame indignation que la mort d\u2019un soldat fran\u00e7ais de l\u2019op\u00e9ration Barkane tu\u00e9 au Sahel ! Personne, non plus, n\u2019\u00e9voque le rapport de cause \u00e0 effet entre l\u2019intervention franco-britannique de 2011 soutenue par la Ligue arabe, en Libye, et la d\u00e9stabilisation du Sahel. Quant \u00e0 la n\u00e9gociation en cours, aux fronti\u00e8res de l\u2019Alg\u00e9rie, au Mali, au Burkina et sans doute ailleurs, entre les pouvoirs en place et des groupes djihadistes, elle ne choque plus personne.\u00a0<br \/>Alg\u00e9rie. Le 12 juin, les Alg\u00e9riens sont appel\u00e9s \u00e0 \u00e9lire une nouvelle Assembl\u00e9e. Quel en est l\u2019enjeu et que faut-il attendre de ce scrutin apr\u00e8s un r\u00e9f\u00e9rendum constitutionnel marqu\u00e9 par une abstention historique (66,80%) ? Pour le pouvoir politique, outre le taux de participation, l\u2019enjeu est un renouvellement g\u00e9n\u00e9rationnel de l\u2019APN avec des visages neufs et jeunes, cens\u00e9 marquer une rupture avec les \u00e9lections pr\u00e9c\u00e9dentes, le tout dans le cadre d\u2019un syst\u00e8me politique o\u00f9 l\u2019ex\u00e9cutif concentre l\u2019essentiel des pouvoirs.\u00a0<br \/>Pour l\u2019Islam politique \u2013 le MSP et ses fr\u00e8res mais n\u00e9anmoins concurrents \u2014 l\u2019enjeu est de rafler le gros lot, former et diriger un gouvernement d\u2019union nationale, avec \u00e0 sa t\u00eate Abderezak Makri, qui se voit d\u00e9j\u00e0 dans la peau du futur Premier ministre. Et qui, faute d\u2019avoir pu s\u2019imposer au plus fort du Hirak \u2013 Makri, Djaballah, Bengrina en avaient \u00e9t\u00e9 chass\u00e9s \u2014 aura sans doute \u00e0 c\u0153ur de ramener les brebis \u00e9gar\u00e9es de Rachad et de l\u2019ex-FIS, sans leurs chefs naturellement, dans les rangs de cet islamisme qualifi\u00e9 de politiquement compatible par le pouvoir politique.\u00a0<br \/>N\u2019\u00e9tant pas dans la m\u00eame posture que les islamistes, le FLN et le RND, qui risquent de sortir lamin\u00e9s, voire de dispara\u00eetre, tenteront de sauver les meubles afin de pouvoir politiquement exister. Et puis, il y a ceux qui veulent se faire une place dans l\u2019\u00e9chiquier politique qui va se mettre en place. Jil Jadid, par exemple, et certaines listes ind\u00e9pendantes qui ont particip\u00e9 au Hirak, auxquels on peut adjoindre des dissidents du RND et du MPA de Amara Benyoun\u00e8s, voudraient bien incarner cette Alg\u00e9rie jeune, en phase avec son \u00e9poque. \u00c0 voir. Dans le lot, n\u2019oublions pas tous ceux qui, \u00e0 l\u2019instar de Benba\u00efb\u00e8che, ont de tout temps gravit\u00e9 dans la p\u00e9riph\u00e9rie du pouvoir et qui voudraient \u00eatre r\u00e9compens\u00e9s de leur fid\u00e9lit\u00e9 assidue\u2026\u00a0<br \/>Quant \u00e0 la participation, au regard d\u2019une campagne \u00e9lectorale boud\u00e9e par le public et o\u00f9 les d\u00e9rapages verbaux non sanctionn\u00e9s le disputaient \u00e0 la pauvret\u00e9 des projets, il est peu probable que la donne aura chang\u00e9 depuis le r\u00e9f\u00e9rendum constitutionnel du 1er novembre dernier.\u00a0<br \/>Cela \u00e9tant, peut-on honn\u00eatement faire abstraction du contexte socio-politique dans lequel a lieu le scrutin l\u00e9gislatif ? Contexte de restriction des libert\u00e9s o\u00f9 n\u2019ont \u00e9t\u00e9 autoris\u00e9s \u00e0 s\u2019exprimer et \u00e0 tenir des r\u00e9unions publiques que ceux qui ont d\u00e9cid\u00e9 de participer aux \u00e9lections du 12 juin. Et dans un climat o\u00f9 tous ceux qui ont refus\u00e9 la tenue de ces \u00e9lections ont \u00e9t\u00e9 interdits de s\u2019exprimer publiquement, parce qu\u2019ils consid\u00e8rent que les conditions d\u2019un scrutin \u00e9quitable ne sont pas r\u00e9unies, et qui sont sous la menace de sanction p\u00e9nale, voire de criminalisation de leurs propos, alors que le droit d\u2019expression est garanti par la Constitution. Et pour finir, dans une conjoncture o\u00f9 plus de 250 personnes sont d\u00e9tenues, dont certaines sans jugement \u00e0 l\u2019instar de l\u2019ex-g\u00e9n\u00e9ral et ex-candidat \u00e0 l\u2019\u00e9lection pr\u00e9sidentielle Ali Ghediri\u2026<br \/>Aussi, le renouvellement de l\u2019APN sur fond d\u2019interdiction du Hirak ouvre-t-il certainement une nouvelle s\u00e9quence, mais cela ne signifie nullement la fin d\u2019une crise qui dure depuis les ann\u00e9es 90.\u00a0<br \/><em><strong>H. Z.<\/strong><\/em><\/p>\n<p>Auteur:<br \/>\n<a href=\"https:\/\/www.lesoirdalgerie.com\/ce-monde-qui-bouge\/bentalha-au-burkina-lalgerie-de-lapres-12-juin-62533\">Cliquez ici pour lire l&rsquo;article depuis sa source.<\/a><\/p>\n","protected":false},"excerpt":{"rendered":"<p>Horrible. \u00c7a rappelle Bentalha. Plus de 160 personnes dont des femmes et des enfants ont \u00e9t\u00e9 tu\u00e9es dans la nuit de vendredi \u00e0 samedi derniers \u00e0 Solhan, un village du nord du Burkina Faso aux confins du Mali et du Niger, une zone o\u00f9 op\u00e8rent des groupes djihadistes. L\u2019attaque a d\u2019abord vis\u00e9 le poste des [&hellip;]<\/p>\n","protected":false},"author":1741,"featured_media":0,"comment_status":"closed","ping_status":"closed","sticky":false,"template":"","format":"standard","meta":{"fifu_image_url":"","fifu_image_alt":"","footnotes":""},"categories":[73,53],"tags":[],"class_list":["post-118358","post","type-post","status-publish","format-standard","hentry","category-actualite","category-algerie"],"_links":{"self":[{"href":"https:\/\/linitiative.ca\/International\/wp-json\/wp\/v2\/posts\/118358","targetHints":{"allow":["GET"]}}],"collection":[{"href":"https:\/\/linitiative.ca\/International\/wp-json\/wp\/v2\/posts"}],"about":[{"href":"https:\/\/linitiative.ca\/International\/wp-json\/wp\/v2\/types\/post"}],"author":[{"embeddable":true,"href":"https:\/\/linitiative.ca\/International\/wp-json\/wp\/v2\/users\/1741"}],"replies":[{"embeddable":true,"href":"https:\/\/linitiative.ca\/International\/wp-json\/wp\/v2\/comments?post=118358"}],"version-history":[{"count":0,"href":"https:\/\/linitiative.ca\/International\/wp-json\/wp\/v2\/posts\/118358\/revisions"}],"wp:attachment":[{"href":"https:\/\/linitiative.ca\/International\/wp-json\/wp\/v2\/media?parent=118358"}],"wp:term":[{"taxonomy":"category","embeddable":true,"href":"https:\/\/linitiative.ca\/International\/wp-json\/wp\/v2\/categories?post=118358"},{"taxonomy":"post_tag","embeddable":true,"href":"https:\/\/linitiative.ca\/International\/wp-json\/wp\/v2\/tags?post=118358"}],"curies":[{"name":"wp","href":"https:\/\/api.w.org\/{rel}","templated":true}]}}