{"id":118359,"date":"2021-06-10T06:00:00","date_gmt":"2021-06-10T10:00:00","guid":{"rendered":"https:\/\/linitiative.ca\/International\/la-fabrique-a-soutiens-les-visages-enduits-durine-et-les-bienfaits-des-omegas-3-sur-la-cohesion-nationale\/"},"modified":"2021-06-10T06:00:00","modified_gmt":"2021-06-10T10:00:00","slug":"la-fabrique-a-soutiens-les-visages-enduits-durine-et-les-bienfaits-des-omegas-3-sur-la-cohesion-nationale","status":"publish","type":"post","link":"https:\/\/linitiative.ca\/International\/la-fabrique-a-soutiens-les-visages-enduits-durine-et-les-bienfaits-des-omegas-3-sur-la-cohesion-nationale\/","title":{"rendered":"La fabrique \u00e0 soutiens, les visages enduits d\u2019urine et les bienfaits des om\u00e9gas 3 sur la coh\u00e9sion nationale !"},"content":{"rendered":"<p class=\"c3\">Bengrina \u00e0 propos de tamazight : \u00abcette chose\u2026\u00bb. Mais sinon, Charfi du machin-chose cens\u00e9 surveiller les l\u00e9gislatives trouve que \u00able discours politique \u00e9volue positivement\u00bb.<\/p>\n<p class=\"c3\"><strong>Ah ouais ? Et la prochaine \u00e9tape dans la positivit\u00e9 ?<\/strong><\/p>\n<p class=\"c3\">Comment peut-on soutenir la d\u00e9marche de Djidji en ayant soutenu celle de Abdekka ? La question est aussi lourde que ne l\u2019est un discours de meeting prononc\u00e9 par Baadji du FLN dans une salle sans clim, et sans bavettes ! Et si la question est effectivement lourde, pesante, les r\u00e9ponses sont l\u00e9g\u00e8res comme le vent qui souffle entre les poches d\u2019un pantalon, le syst\u00e8me des vases communicants \u00e9tant une constante depuis longtemps comprise par tous les bons tailleurs et costumiers. Par exemple, il y a ceux qui vous disent que c\u2019est possible. Oui ! Il est possible de soutenir Djidji apr\u00e8s avoir pass\u00e9 vingt ans \u00e0 porter le cadre de Abdekka et \u00e0 le l\u00e9cher, laissant sur le verre un go\u00fbt atroce de Cachir. Vous avez aussi les \u00e9colos qui eux ont une explication tout autant biod\u00e9gradable que porteuse d\u2019id\u00e9es novatrices en mati\u00e8re d\u2019\u00e9nergies renouvelables. Ils rappellent que l\u2019urine est victime de pr\u00e9jug\u00e9s injustes dans notre imaginaire et m\u00eame dans notre vie de tous les jours. L\u2019urine produit des om\u00e9gas 3 ! Vous le saviez, vous, que l\u2019urine secr\u00e9tait des om\u00e9gas 3 et que l\u2019om\u00e9ga 3 est excellent pour la sant\u00e9 humaine ? Non, bien s\u00fbr ! Tout comme moi ! Nous gaspillons des millions d\u2019hectolitres d\u2019urine dans le vide. Dans le vide plein de nos cuvettes. Pourtant, il s\u2019en trouve qui, eux, ont tout compris des \u00abbienfaits\u00bb de l\u2019om\u00e9ga 3 et s\u2019enduisent avec le visage avant de sortir le matin de chez eux et d\u2019aller haranguer la \u00abfoufoule\u00bb. Peut-\u00eatre que pour les prochaines \u00e9lections pour ces l\u00e9gislatives, c\u2019est trop tard ils pousseront l\u2019\u00e9cologie jusqu\u2019\u00e0 nous bombarder de leur urine, plut\u00f4t que de Caprices ! Et puis, vous avez cette th\u00e9orie pour laquelle, je l\u2019avoue, j\u2019ai un faible, parce que je la trouve mignonne. Mignonne comme une candidate ind\u00e9pendante, sans visage sur les affiches \u00e9lectorales et qui explique que c\u2019est le chef de sa Kasma qui lui a intim\u00e9 l\u2019ordre de gommer ses traits et de ne donner \u00e0 voir qu\u2019un voile griff\u00e9 ! Celles-l\u00e0 et leurs comp\u00e8res empastill\u00e9s expliquent que Dieu a ordonn\u00e9 de toujours rester dans le droit chemin. Comme les chemins et routes ont \u00e9t\u00e9 trac\u00e9s par Ghoul, leur participation aux l\u00e9gislatives et leur soutien \u00e0 peine\u2026 voil\u00e9 \u00e0 Abdekka, puis \u00e0 Djidji s\u2019inscrivent en droite ligne des constantes routi\u00e8res et divines. Sauf que Ghoul est aussi en taule pour avoir fourgu\u00e9 des autoroutes tordues. Doit-on en conclure que Ghoul a \u00e9t\u00e9 injustement emprisonn\u00e9 ? Je fume du th\u00e9 et je reste \u00e9veill\u00e9, le cauchemar continue.<br \/><em><strong>H. L.<\/strong><\/em><\/p>\n<p>Auteur:<br \/>\n<a href=\"https:\/\/www.lesoirdalgerie.com\/pousse-avec-eux\/la-fabrique-a-soutiens-les-visages-enduits-durine-et-les-bienfaits-des-omegas-3-sur-la-cohesion-nationale-62532\">Cliquez ici pour lire l&rsquo;article depuis sa source.<\/a><\/p>\n","protected":false},"excerpt":{"rendered":"<p>Bengrina \u00e0 propos de tamazight : \u00abcette chose\u2026\u00bb. Mais sinon, Charfi du machin-chose cens\u00e9 surveiller les l\u00e9gislatives trouve que \u00able discours politique \u00e9volue positivement\u00bb. Ah ouais ? Et la prochaine \u00e9tape dans la positivit\u00e9 ? Comment peut-on soutenir la d\u00e9marche de Djidji en ayant soutenu celle de Abdekka ? La question est aussi lourde que [&hellip;]<\/p>\n","protected":false},"author":1741,"featured_media":0,"comment_status":"closed","ping_status":"closed","sticky":false,"template":"","format":"standard","meta":{"fifu_image_url":"","fifu_image_alt":"","footnotes":""},"categories":[73,53],"tags":[],"class_list":["post-118359","post","type-post","status-publish","format-standard","hentry","category-actualite","category-algerie"],"_links":{"self":[{"href":"https:\/\/linitiative.ca\/International\/wp-json\/wp\/v2\/posts\/118359","targetHints":{"allow":["GET"]}}],"collection":[{"href":"https:\/\/linitiative.ca\/International\/wp-json\/wp\/v2\/posts"}],"about":[{"href":"https:\/\/linitiative.ca\/International\/wp-json\/wp\/v2\/types\/post"}],"author":[{"embeddable":true,"href":"https:\/\/linitiative.ca\/International\/wp-json\/wp\/v2\/users\/1741"}],"replies":[{"embeddable":true,"href":"https:\/\/linitiative.ca\/International\/wp-json\/wp\/v2\/comments?post=118359"}],"version-history":[{"count":0,"href":"https:\/\/linitiative.ca\/International\/wp-json\/wp\/v2\/posts\/118359\/revisions"}],"wp:attachment":[{"href":"https:\/\/linitiative.ca\/International\/wp-json\/wp\/v2\/media?parent=118359"}],"wp:term":[{"taxonomy":"category","embeddable":true,"href":"https:\/\/linitiative.ca\/International\/wp-json\/wp\/v2\/categories?post=118359"},{"taxonomy":"post_tag","embeddable":true,"href":"https:\/\/linitiative.ca\/International\/wp-json\/wp\/v2\/tags?post=118359"}],"curies":[{"name":"wp","href":"https:\/\/api.w.org\/{rel}","templated":true}]}}