{"id":118361,"date":"2021-06-10T06:00:00","date_gmt":"2021-06-10T10:00:00","guid":{"rendered":"https:\/\/linitiative.ca\/International\/nous-sommes-a-la-tete-dune-pyramide-qui-fonctionne-mal\/"},"modified":"2021-06-10T06:00:00","modified_gmt":"2021-06-10T10:00:00","slug":"nous-sommes-a-la-tete-dune-pyramide-qui-fonctionne-mal","status":"publish","type":"post","link":"https:\/\/linitiative.ca\/International\/nous-sommes-a-la-tete-dune-pyramide-qui-fonctionne-mal\/","title":{"rendered":"\u00abNous sommes \u00e0 la t\u00eate d\u2019une pyramide qui fonctionne mal\u00bb"},"content":{"rendered":"<p class=\"c3\"><iframe loading=\"lazy\" allow=\"accelerometer; autoplay; clipboard-write; encrypted-media; gyroscope; picture-in-picture\" allowfullscreen=\"allowfullscreen\" frameborder=\"0\" height=\"409\" src=\"https:\/\/www.youtube.com\/embed\/PeJTXOOpx30?rel=0&amp;autoplay=1\" title=\"YouTube video player\" width=\"580\">[embedded content]<\/iframe><\/p>\n<p class=\"c3\">Le directeur g\u00e9n\u00e9ral du CHU Mustapha-Pacha \u00e0 Alger, Abdesselam Benana, affirme que son \u00e9tablissement est \u00abd\u00e9pass\u00e9\u00bb. Une situation qu\u2019il impute au d\u00e9sordre engendr\u00e9 par certains facteurs parfois \u00absubjectifs\u00bb et parfois \u00abobjectifs\u00bb. Pour lui, seule l\u2019autonomie de l&rsquo;\u00e9tablissement hospitalier permettra de mieux s&rsquo;adapter aux besoins de la population. Insistant sur l\u2019importance de la ressource humaine, il plaide pour la mise en place d\u2019une strat\u00e9gie bas\u00e9e sur des rapports contractualis\u00e9s.<\/p>\n<p class=\"c3\">Rym Nasri &#8211; Alger (Le Soir) &#8211; Intervenant hier, \u00e0 l\u2019\u00e9mission \u00abLSA Direct\u00bb, le directeur g\u00e9n\u00e9ral du CHU Mustapha-Pacha \u00e0 Alger, Abdesselam Benana, affirme que les insuffisances dont souffre son \u00e9tablissement persisteront tant que le d\u00e9sordre s\u00e9vit. \u00abLe CHU Mustapha-Pacha fait partie d\u2019un ensemble du syst\u00e8me national de la sant\u00e9 et subit des cons\u00e9quences. Il est \u00e0 la t\u00eate d\u2019une pyramide qui fonctionne mal\u00bb, dit-il.<br \/>Selon lui, l\u2019usager qui a besoin de r\u00e9ponses dans des d\u00e9lais raisonnables finit toujours par recourir au plus grand h\u00f4pital du pays. \u00abNous sommes oblig\u00e9s de r\u00e9pondre \u00e0 une demande qui devrait normalement \u00eatre prise en charge par des structures interm\u00e9diaires. Face \u00e0 un d\u00e9sordre provoqu\u00e9 par un certain nombre de facteurs et de raisons, parfois subjectifs et parfois objectifs, le CHU Mustapha-Pacha subit les cons\u00e9quences\u00bb, explique-t-il.<br \/>Il reconna\u00eet d\u2019ailleurs que son h\u00f4pital est \u00abd\u00e9pass\u00e9\u00bb, avant de rappeler que cette structure h\u00e9berge deux \u00e9tablissements de sant\u00e9 ind\u00e9pendants qui r\u00e9pondent \u00e0 des besoins nationaux : le Centre Pierre et Marie-Curie (CPMC) et le CHU Mustapha-Pacha.<br \/>S\u2019agissant de la d\u00e9localisation de cette structure, l\u2019invit\u00e9 de l\u2019\u00e9mission assure qu\u2019elle n\u2019est pas \u00e0 l\u2019ordre du jour. \u00abIl n\u2019y a rien d&rsquo;officiel qui prouve qu\u2019un projet pareil a \u00e9t\u00e9 con\u00e7u. Par contre, il y a une dizaine d&rsquo;ann\u00e9es, nous avons pens\u00e9 \u00e0 r\u00e9cup\u00e9rer une partie du terrain du CHU pour construire en hauteur des services de d\u00e9gagement, et proc\u00e9der par la suite \u00e0 la r\u00e9habilitation des autres services et les mettre \u00e0 niveau\u00bb, dit-il. Avant de pr\u00e9ciser qu\u2019actuellement, ces structures sont obsol\u00e8tes et ne r\u00e9pondent plus aux normes universelles.<br \/>Quant \u00e0 l\u2019exode massif des m\u00e9decins vers l\u2019\u00e9tranger, il r\u00e9pond : \u00abJe ne dirais pas que les conditions ne sont pas r\u00e9unies dans nos h\u00f4pitaux, mais elles ne sont pas id\u00e9ales puisqu\u2019il y a un minimum requis pour pouvoir exercer.\u00bb Il estime, toutefois, que cette ressource humaine doit rester en Alg\u00e9rie et profiter aux Alg\u00e9riens. D\u2019autant plus que poursuit-il, \u00able personnel m\u00e9dical et param\u00e9dical est vieillissant. \u00c0 cela s\u2019ajoute le d\u00e9part \u00e0 la retraite anticip\u00e9e ces derni\u00e8res ann\u00e9es. Une mesure qui nous a vraiment mis \u00e0 genoux\u00bb.<br \/>Le directeur g\u00e9n\u00e9ral du CHU Mustapha-Pacha insiste ainsi sur l\u2019importance de la ressource humaine et sa motivation. Pour ce faire, il sugg\u00e8re de mettre en place une strat\u00e9gie avec des rapports contractualis\u00e9s. Il plaide \u00e9galement pour l\u2019autonomie de l&rsquo;\u00e9tablissement hospitalier afin, dit-il, \u00abde s&rsquo;adapter aux besoins de la population\u00bb.<\/p>\n<p class=\"c3\"><strong>Un d\u00e9but \u00abtimide\u00bb de la campagne de vaccination anti-Covid-19<\/strong><br \/>Abdesselam Benana revient sur le r\u00f4le jou\u00e9 par son \u00e9tablissement dans la lutte contre la propagation de la pand\u00e9mie de Covid-19. Il rappelle que lorsque l\u2019Alg\u00e9rie a atteint le pic des contaminations, le CHU Mustapha-Pacha avait mobilis\u00e9 le plus grand nombre de lits d\u2019hospitalisation et de soins intensifs. \u00abLes trois quarts de l\u2019\u00e9tablissement se sont reconvertis pour la prise en charge des malades Covid-19. Aujourd\u2019hui, avec la reprise des autres activit\u00e9s du CHU, chaque mois, un service se mobilise \u00e0 tour de r\u00f4le, exclusivement pour la prise en charge des cas de la pand\u00e9mie\u00bb, dit-il.<br \/>Concernant la vaccination anti-Covid-19, il assure que son \u00e9tablissement entame cette campagne timidement. \u00abAu d\u00e9part, nous avons proc\u00e9d\u00e9 \u00e0 la vaccination du personnel du CHU. Nous avons ensuite ouvert nos portes \u00e0 la population, et la priorit\u00e9 a \u00e9t\u00e9 accord\u00e9e aux malades chroniques.\u00bb Il pr\u00e9cise, \u00e0 cet effet, que les rendez-vous sont pris sur la plate-forme mise en place pour cette op\u00e9ration.<br \/>Ry. N.<\/p>\n<p>Auteur:<br \/>\n<a href=\"https:\/\/www.lesoirdalgerie.com\/actualites\/nous-sommes-a-la-tete-dune-pyramide-qui-fonctionne-mal-62514\">Cliquez ici pour lire l&rsquo;article depuis sa source.<\/a><\/p>\n","protected":false},"excerpt":{"rendered":"<p>[embedded content] Le directeur g\u00e9n\u00e9ral du CHU Mustapha-Pacha \u00e0 Alger, Abdesselam Benana, affirme que son \u00e9tablissement est \u00abd\u00e9pass\u00e9\u00bb. Une situation qu\u2019il impute au d\u00e9sordre engendr\u00e9 par certains facteurs parfois \u00absubjectifs\u00bb et parfois \u00abobjectifs\u00bb. Pour lui, seule l\u2019autonomie de l&rsquo;\u00e9tablissement hospitalier permettra de mieux s&rsquo;adapter aux besoins de la population. Insistant sur l\u2019importance de la ressource [&hellip;]<\/p>\n","protected":false},"author":1741,"featured_media":0,"comment_status":"closed","ping_status":"closed","sticky":false,"template":"","format":"standard","meta":{"fifu_image_url":"","fifu_image_alt":"","footnotes":""},"categories":[73,53],"tags":[],"class_list":["post-118361","post","type-post","status-publish","format-standard","hentry","category-actualite","category-algerie"],"_links":{"self":[{"href":"https:\/\/linitiative.ca\/International\/wp-json\/wp\/v2\/posts\/118361","targetHints":{"allow":["GET"]}}],"collection":[{"href":"https:\/\/linitiative.ca\/International\/wp-json\/wp\/v2\/posts"}],"about":[{"href":"https:\/\/linitiative.ca\/International\/wp-json\/wp\/v2\/types\/post"}],"author":[{"embeddable":true,"href":"https:\/\/linitiative.ca\/International\/wp-json\/wp\/v2\/users\/1741"}],"replies":[{"embeddable":true,"href":"https:\/\/linitiative.ca\/International\/wp-json\/wp\/v2\/comments?post=118361"}],"version-history":[{"count":0,"href":"https:\/\/linitiative.ca\/International\/wp-json\/wp\/v2\/posts\/118361\/revisions"}],"wp:attachment":[{"href":"https:\/\/linitiative.ca\/International\/wp-json\/wp\/v2\/media?parent=118361"}],"wp:term":[{"taxonomy":"category","embeddable":true,"href":"https:\/\/linitiative.ca\/International\/wp-json\/wp\/v2\/categories?post=118361"},{"taxonomy":"post_tag","embeddable":true,"href":"https:\/\/linitiative.ca\/International\/wp-json\/wp\/v2\/tags?post=118361"}],"curies":[{"name":"wp","href":"https:\/\/api.w.org\/{rel}","templated":true}]}}