{"id":118362,"date":"2021-06-10T14:22:11","date_gmt":"2021-06-10T18:22:11","guid":{"rendered":"https:\/\/linitiative.ca\/International\/voici-le-texte-final-de-la-resolution-adoptee-par-le-parlement-europeen-contre-le-maroc-au-sujet-de-la-migration-des-mineurs\/"},"modified":"2021-06-10T14:22:11","modified_gmt":"2021-06-10T18:22:11","slug":"voici-le-texte-final-de-la-resolution-adoptee-par-le-parlement-europeen-contre-le-maroc-au-sujet-de-la-migration-des-mineurs","status":"publish","type":"post","link":"https:\/\/linitiative.ca\/International\/voici-le-texte-final-de-la-resolution-adoptee-par-le-parlement-europeen-contre-le-maroc-au-sujet-de-la-migration-des-mineurs\/","title":{"rendered":"Voici le texte final de la r\u00e9solution adopt\u00e9e par le Parlement europ\u00e9en contre le Maroc au sujet de la migration des mineurs"},"content":{"rendered":"<p><strong>Le Parlement europ\u00e9en a adopt\u00e9 ce jeudi 10 juin une r\u00e9solution controvers\u00e9e (approuv\u00e9e par 397 voix pour, 85 contre et 196 abstentions), qui selon les observateurs, n\u2019a pas eu l\u2019effet escompt\u00e9 par ses promoteurs. Aucune condamnation, si ce n\u2019est un rejet. En effet, le document \u00ab exprime son rejet de l\u2019utilisation par le Maroc des contr\u00f4les aux fronti\u00e8res et des migrations, et en particulier, des mineurs non accompagn\u00e9s, comme moyen d\u2019exercer une pression politique contre un Etat membre de l\u2019Union \u00bb. Les d\u00e9tails.<\/strong><\/p>\n<div class=\"c10\">\n<\/div>\n<p><\/p>\n<p>Auteur: challenge<br \/>\n<a href=\"https:\/\/www.challenge.ma\/voici-le-texte-final-de-la-resolution-adoptee-par-le-parlement-europeen-contre-le-maroc-au-sujet-de-la-migration-des-mineurs-187899\/\">Cliquez ici pour lire l&rsquo;article depuis sa source.<\/a><\/p>\n","protected":false},"excerpt":{"rendered":"<p>Le Parlement europ\u00e9en a adopt\u00e9 ce jeudi 10 juin une r\u00e9solution controvers\u00e9e (approuv\u00e9e par 397 voix pour, 85 contre et 196 abstentions), qui selon les observateurs, n\u2019a pas eu l\u2019effet escompt\u00e9 par ses promoteurs. Aucune condamnation, si ce n\u2019est un rejet. En effet, le document \u00ab exprime son rejet de l\u2019utilisation par le Maroc des [&hellip;]<\/p>\n","protected":false},"author":1787,"featured_media":0,"comment_status":"closed","ping_status":"closed","sticky":false,"template":"","format":"standard","meta":{"fifu_image_url":"","fifu_image_alt":"","footnotes":""},"categories":[78,54],"tags":[],"class_list":["post-118362","post","type-post","status-publish","format-standard","hentry","category-economie","category-maroc"],"_links":{"self":[{"href":"https:\/\/linitiative.ca\/International\/wp-json\/wp\/v2\/posts\/118362","targetHints":{"allow":["GET"]}}],"collection":[{"href":"https:\/\/linitiative.ca\/International\/wp-json\/wp\/v2\/posts"}],"about":[{"href":"https:\/\/linitiative.ca\/International\/wp-json\/wp\/v2\/types\/post"}],"author":[{"embeddable":true,"href":"https:\/\/linitiative.ca\/International\/wp-json\/wp\/v2\/users\/1787"}],"replies":[{"embeddable":true,"href":"https:\/\/linitiative.ca\/International\/wp-json\/wp\/v2\/comments?post=118362"}],"version-history":[{"count":0,"href":"https:\/\/linitiative.ca\/International\/wp-json\/wp\/v2\/posts\/118362\/revisions"}],"wp:attachment":[{"href":"https:\/\/linitiative.ca\/International\/wp-json\/wp\/v2\/media?parent=118362"}],"wp:term":[{"taxonomy":"category","embeddable":true,"href":"https:\/\/linitiative.ca\/International\/wp-json\/wp\/v2\/categories?post=118362"},{"taxonomy":"post_tag","embeddable":true,"href":"https:\/\/linitiative.ca\/International\/wp-json\/wp\/v2\/tags?post=118362"}],"curies":[{"name":"wp","href":"https:\/\/api.w.org\/{rel}","templated":true}]}}