{"id":118364,"date":"2021-06-10T16:53:40","date_gmt":"2021-06-10T20:53:40","guid":{"rendered":"https:\/\/linitiative.ca\/International\/tunisie-lugtt-denonce-la-violence-policiere-contre-des-manifestants-a-sidi-hassine\/"},"modified":"2021-06-10T16:53:40","modified_gmt":"2021-06-10T20:53:40","slug":"tunisie-lugtt-denonce-la-violence-policiere-contre-des-manifestants-a-sidi-hassine","status":"publish","type":"post","link":"https:\/\/linitiative.ca\/International\/tunisie-lugtt-denonce-la-violence-policiere-contre-des-manifestants-a-sidi-hassine\/","title":{"rendered":"Tunisie : L\u2019UGTT d\u00e9nonce la violence polici\u00e8re contre des manifestants \u00e0 Sidi Hassine"},"content":{"rendered":"<div class=\"post-cont-in left relative\">\n<div id=\"post-info-wrap\" class=\"left relative post-info-out\">\n<div class=\"post-info-img left relative\"><img decoding=\"async\" alt=\"\" src=\"https:\/\/secure.gravatar.com\/avatar\/ea481d7287ad38ca1787f44b5bb1b70e?s=50&amp;d=mm&amp;r=g\" srcset=\"https:\/\/secure.gravatar.com\/avatar\/ea481d7287ad38ca1787f44b5bb1b70e?s=100&amp;d=mm&amp;r=g 2x\" class=\"avatar avatar-50 photo\" height=\"50\" width=\"50\" loading=\"lazy\"\/><\/div>\n<div class=\"post-info-in post-info-right left relative post-info-name left relative\"><span><span class=\"post-info-text\">Par<\/span> <span class=\"author-name vcard fn author\"><a href=\"https:\/\/www.tunisienumerique.com\/author\/rania-ben-slimane\/\" title=\"Articles par rania ben slimane\" rel=\"author\">rania ben slimane<\/a><\/span><\/span> <span class=\"post-date updated\"><time class=\"post-date updated\" datetime=\"2021-06-10\">\u00a0| Il y a 1 minute<\/time><\/span><br \/>\n<meta itemprop=\"dateModified\" content=\"2021-06-10\"\/><\/div>\n<\/div>\n<div class=\"code-block code-block-1 c4\">\n <ins class=\"adsbygoogle c3\" data-ad-layout=\"in-article\" data-ad-format=\"fluid\" data-ad-client=\"ca-pub-2102118777505746\" data-ad-slot=\"7301775417\"\/>\n<\/div>\n<p>L\u2019UGTT a d\u00e9nonc\u00e9 dans un communiqu\u00e9 rendu public le 10 juin 2021, la violence polici\u00e8re \u00e0 l\u2019encontre d\u2019un jeune tunisien dans le secteur de Sidi Hassine survenu hier 09 juin 2021.<\/p>\n<p>En effet, les agents de police l\u2019ont train\u00e9 au sol l\u2019ont d\u00e9shabill\u00e9 sous les yeux des passants et des habitants.<\/p>\n<p>L\u2019Organisation syndicale a mis en garde contre l\u2019oppression brutale et odieuse de ce jeune homme et rejette toute justification de sa survenance.<\/p>\n<p>Consid\u00e9rant que ces pratiques sont une infraction flagrante de la Constitution des droits de l\u2019Homme et un grave revers pour le processus d\u00e9mocratique.<\/p>\n<p>De m\u00eame, l\u2019UGTT a exig\u00e9 la poursuite en justice contre les impliqu\u00e9s et appelle ouvertement le minist\u00e8re public \u00e0 ouvrir une enqu\u00eate d\u2019urgence \u00e0 cet effet dans le cadre de lutte contre la culture d\u2019impunit\u00e9.<\/p>\n<p>En outre, il a tenu le Chef du gouvernement par ailleurs ministre de l\u2019Int\u00e9rieur par int\u00e9rim, Hichem Mechichi pour responsable des infractions r\u00e9currentes au cours de son mandat, et consid\u00e8re qu\u2019il s\u2019agit d\u2019une politique r\u00e9pressive utilis\u00e9e pour faire taire les protestations sociales et populaires, ce qui ne fait qu\u2019accro\u00eetre la situation de congestion et de tension.<\/p>\n<p>Il a \u00e9galement affirm\u00e9 que les raisons les plus importantes de l\u2019escalade de la vague de violence sont dues \u00e0 l\u2019exacerbation du discours de haine promu par certains blocs et partis.<\/p>\n<div class=\"swp_social_panel swp_horizontal_panel swp_flat_fresh swp_default_full_color swp_individual_full_color swp_other_full_color scale-100 scale-\" data-min-width=\"1100\" data-float-color=\"#ffffff\" data-float=\"bottom\" data-float-mobile=\"bottom\" data-transition=\"slide\">\n<div class=\"nc_tweetContainer swp_share_button total_shares total_sharesalt\"><span class=\"swp_count\">0 <span class=\"swp_label\">Partages<\/span><\/span><\/div>\n<\/div>\n<p><strong>Que se passe-t-il en Tunisie?<\/strong><br \/>Nous expliquons sur notre <a href=\"https:\/\/www.youtube.com\/channel\/UCRzypVq0B_yBad5eGrwBx0Q?sub_confirmation=1\" target=\"_blank\" rel=\"noopener\">cha\u00eene YouTube<\/a> . <a href=\"https:\/\/www.youtube.com\/channel\/UCRzypVq0B_yBad5eGrwBx0Q?sub_confirmation=1\" target=\"_blank\" rel=\"noopener\">Abonnez-vous!<\/a><\/p>\n<div class=\"mvp-org-wrap\" itemprop=\"publisher\">\n<div class=\"mvp-org-logo\" itemprop=\"logo\"><img decoding=\"async\" src=\"https:\/\/www.tunisienumerique.com\/wp-content\/uploads\/2017\/02\/logo_tunisie_numerique.png\"\/><br \/>\n<meta itemprop=\"url\" content=\"https:\/\/www.tunisienumerique.com\/wp-content\/uploads\/2017\/02\/logo_tunisie_numerique.png\"\/><\/div>\n<p><meta content=\"Tunisie\"\/><\/div>\n<div class=\"mvp-related-posts left relative\">\n<h4 class=\"post-header\"><span class=\"post-header\">Lire aussi<\/span><\/h4>\n<\/div>\n<div id=\"article-ad\">\n <ins class=\"adsbygoogle c5\" data-ad-client=\"ca-pub-2102118777505746\" data-ad-slot=\"6513972734\" data-ad-format=\"auto\" data-full-width-responsive=\"true\"\/>\n<\/div>\n<\/div>\n<div id=\"post-sidebar-wrap\">\n <ins class=\"adsbygoogle c5\" data-ad-client=\"ca-pub-2102118777505746\" data-ad-slot=\"6168283410\" data-ad-format=\"auto\" data-full-width-responsive=\"true\"\/>\n<\/div>\n<p>Auteur: rania ben slimane<br \/>\n<a href=\"https:\/\/www.tunisienumerique.com\/tunisie-lugtt-denonce-la-violence-policiere-contre-des-manifestants-a-sidi-hassine\/\">Cliquez ici pour lire l&rsquo;article depuis sa source.<\/a><\/p>\n","protected":false},"excerpt":{"rendered":"<p>Par rania ben slimane \u00a0| Il y a 1 minute L\u2019UGTT a d\u00e9nonc\u00e9 dans un communiqu\u00e9 rendu public le 10 juin 2021, la violence polici\u00e8re \u00e0 l\u2019encontre d\u2019un jeune tunisien dans le secteur de Sidi Hassine survenu hier 09 juin 2021. En effet, les agents de police l\u2019ont train\u00e9 au sol l\u2019ont d\u00e9shabill\u00e9 sous les [&hellip;]<\/p>\n","protected":false},"author":1789,"featured_media":0,"comment_status":"closed","ping_status":"closed","sticky":false,"template":"","format":"standard","meta":{"fifu_image_url":"https:\/\/secure.gravatar.com\/avatar\/ea481d7287ad38ca1787f44b5bb1b70e?s=50&d=mm&r=g","fifu_image_alt":"Tunisie : L\u2019UGTT d\u00e9nonce la violence polici\u00e8re contre des manifestants \u00e0 Sidi Hassine","footnotes":""},"categories":[73,55],"tags":[],"class_list":["post-118364","post","type-post","status-publish","format-standard","hentry","category-actualite","category-tunisie"],"_links":{"self":[{"href":"https:\/\/linitiative.ca\/International\/wp-json\/wp\/v2\/posts\/118364","targetHints":{"allow":["GET"]}}],"collection":[{"href":"https:\/\/linitiative.ca\/International\/wp-json\/wp\/v2\/posts"}],"about":[{"href":"https:\/\/linitiative.ca\/International\/wp-json\/wp\/v2\/types\/post"}],"author":[{"embeddable":true,"href":"https:\/\/linitiative.ca\/International\/wp-json\/wp\/v2\/users\/1789"}],"replies":[{"embeddable":true,"href":"https:\/\/linitiative.ca\/International\/wp-json\/wp\/v2\/comments?post=118364"}],"version-history":[{"count":0,"href":"https:\/\/linitiative.ca\/International\/wp-json\/wp\/v2\/posts\/118364\/revisions"}],"wp:attachment":[{"href":"https:\/\/linitiative.ca\/International\/wp-json\/wp\/v2\/media?parent=118364"}],"wp:term":[{"taxonomy":"category","embeddable":true,"href":"https:\/\/linitiative.ca\/International\/wp-json\/wp\/v2\/categories?post=118364"},{"taxonomy":"post_tag","embeddable":true,"href":"https:\/\/linitiative.ca\/International\/wp-json\/wp\/v2\/tags?post=118364"}],"curies":[{"name":"wp","href":"https:\/\/api.w.org\/{rel}","templated":true}]}}